{"id":23668,"date":"2026-09-02T05:00:10","date_gmt":"2026-09-02T05:00:10","guid":{"rendered":"https:\/\/projectcargoglobal.com\/?p=23668"},"modified":"2026-09-01T10:26:15","modified_gmt":"2026-09-01T10:26:15","slug":"hoegh-signs-contract-with-sgm-technology","status":"publish","type":"post","link":"https:\/\/projectcargoglobal.com\/?p=23668","title":{"rendered":"Hoegh signs contract with SGM Technology"},"content":{"rendered":"<p><strong>H\u00f6egh Autoliners has signed a five-year contract with Norwegian technology company SGM Technology to equip its entire fleet with PntGuard\u2122. <\/strong><\/p>\n<p>The solution is designed to strengthen vessel positioning and navigation resilience in areas affected by GPS interference.<\/p>\n<p>The agreement covers H\u00f6egh Autoliners&#8217; current fleet of 38 vessels, as well as future newbuildings entering service during the contract period.<\/p>\n<p>In addition to providing an independent positioning source when GPS signals are disrupted, the system alerts bridge teams when interference is detected, giving crews immediate awareness and enabling faster response.<\/p>\n<p>COO of H\u00f6egh Autoliners, Sebj\u00f8rn Dahl, said: &#8220;GPS jamming and spoofing incidents have become an increasing challenge across major shipping routes worldwide, creating risks for navigation, operational planning and situational awareness onboard vessels. With the fleet-wide rollout of PntGuard, H\u00f6egh Autoliners is taking a proactive step to strengthen operational resilience and support safe, reliable global operations.&#8221;<\/p>\n<p>The PntGuard technology will also provide an independently verified record of a vessel&#8217;s route, supporting voyage verification and compliance requirements.<\/p>\n<p>&#8220;Digital resilience is becoming an increasingly important part of maritime safety and operational excellence. We didn&#8217;t want to wait for an incident to act and make a decision to build resilience,&#8221; said Christian Hall, Head of Global Cargo Operations and Digital Projects at H\u00f6egh Autoliners.<\/p>\n<p>&#8220;By deploying this technology across our entire fleet, we are leading the pack, strengthening our ability to operate safely and efficiently, regardless of the environment our vessels encounter.&#8221;<\/p>\n<p>Installation of the system is scheduled to begin in September 2026, with all future vessels delivered to H\u00f6egh Autoliners being equipped from entry into service.<br \/>\nFor SGM Technology, a Norwegian company based outside Oslo, the agreement represents one of the largest fleet-wide deployments of its technology in the global shipping industry.<\/p>\n<p>&#8220;We are proud to support H\u00f6egh Autoliners in taking a leading role on this issue,&#8221; said Steffen Grefsg\u00e5rd, CEO of SGM Technology.<\/p>\n<p>&#8220;This is a real statement about the underlying risk culture and proactive approach to mitigating risks and preventing losses caused by GNSS interference. H\u00f6egh Autoliners&#8217; thorough and professional assessment, carried out in a highly contested electronic environment, underscores their dedication to safety, reliability, and innovation.&#8221;<\/p>\n<p>&nbsp;<br \/>\n&nbsp;<br \/>\n<div class=\"pt-cv-wrapper\"><div class=\"pt-cv-view pt-cv-grid pt-cv-colsys\" id=\"pt-cv-view-658c69ac71\"><div data-id=\"pt-cv-page-1\" class=\"pt-cv-page\" data-cvc=\"5\"><div class=\"col-md-2 col-sm-3 col-xs-12 pt-cv-content-item pt-cv-1-col\" ><div class='pt-cv-ifield'><a href=\"https:\/\/projectcargoglobal.com\/?p=23668\" class=\"_self pt-cv-href-thumbnail pt-cv-thumb-default\" target=\"_self\" ><img loading=\"lazy\" decoding=\"async\" width=\"130\" height=\"90\" src=\"https:\/\/i0.wp.com\/projectcargoglobal.com\/wp-content\/uploads\/2026\/09\/Hoegh-6-Aurora-.jpg?resize=130%2C90&amp;ssl=1\" class=\"pt-cv-thumbnail\" alt=\"\" srcset=\"https:\/\/i0.wp.com\/projectcargoglobal.com\/wp-content\/uploads\/2026\/09\/Hoegh-6-Aurora-.jpg?resize=392%2C272&amp;ssl=1 392w, https:\/\/i0.wp.com\/projectcargoglobal.com\/wp-content\/uploads\/2026\/09\/Hoegh-6-Aurora-.jpg?resize=130%2C90&amp;ssl=1 130w, https:\/\/i0.wp.com\/projectcargoglobal.com\/wp-content\/uploads\/2026\/09\/Hoegh-6-Aurora-.jpg?zoom=2&amp;resize=130%2C90&amp;ssl=1 260w\" sizes=\"auto, (max-width: 130px) 100vw, 130px\" data-attachment-id=\"23669\" data-permalink=\"https:\/\/projectcargoglobal.com\/?attachment_id=23669\" data-orig-file=\"https:\/\/i0.wp.com\/projectcargoglobal.com\/wp-content\/uploads\/2026\/09\/Hoegh-6-Aurora-.jpg?fit=640%2C356&amp;ssl=1\" data-orig-size=\"640,356\" data-comments-opened=\"0\" data-image-meta=\"{&quot;aperture&quot;:&quot;0&quot;,&quot;credit&quot;:&quot;&quot;,&quot;camera&quot;:&quot;&quot;,&quot;caption&quot;:&quot;&quot;,&quot;created_timestamp&quot;:&quot;0&quot;,&quot;copyright&quot;:&quot;&quot;,&quot;focal_length&quot;:&quot;0&quot;,&quot;iso&quot;:&quot;0&quot;,&quot;shutter_speed&quot;:&quot;0&quot;,&quot;title&quot;:&quot;&quot;,&quot;orientation&quot;:&quot;1&quot;}\" data-image-title=\"Hoegh 6 Aurora\" data-image-description=\"\" data-image-caption=\"\" data-large-file=\"https:\/\/i0.wp.com\/projectcargoglobal.com\/wp-content\/uploads\/2026\/09\/Hoegh-6-Aurora-.jpg?fit=640%2C356&amp;ssl=1\" \/><\/a>\n<h4 class=\"pt-cv-title\"><a href=\"https:\/\/projectcargoglobal.com\/?p=23668\" class=\"_self\" target=\"_self\" >Hoegh signs contract with SGM Technology<\/a><\/h4><\/div><\/div>\n<div class=\"col-md-2 col-sm-3 col-xs-12 pt-cv-content-item pt-cv-1-col\" ><div class='pt-cv-ifield'><a href=\"https:\/\/projectcargoglobal.com\/?p=23678\" class=\"_self pt-cv-href-thumbnail pt-cv-thumb-default\" target=\"_self\" ><img loading=\"lazy\" decoding=\"async\" width=\"130\" height=\"90\" src=\"https:\/\/i0.wp.com\/projectcargoglobal.com\/wp-content\/uploads\/2026\/03\/K-LINE-Sumitomo-.jpg?resize=130%2C90&amp;ssl=1\" class=\"pt-cv-thumbnail\" alt=\"\" srcset=\"https:\/\/i0.wp.com\/projectcargoglobal.com\/wp-content\/uploads\/2026\/03\/K-LINE-Sumitomo-.jpg?resize=392%2C272&amp;ssl=1 392w, https:\/\/i0.wp.com\/projectcargoglobal.com\/wp-content\/uploads\/2026\/03\/K-LINE-Sumitomo-.jpg?resize=130%2C90&amp;ssl=1 130w, https:\/\/i0.wp.com\/projectcargoglobal.com\/wp-content\/uploads\/2026\/03\/K-LINE-Sumitomo-.jpg?zoom=2&amp;resize=130%2C90&amp;ssl=1 260w\" sizes=\"auto, (max-width: 130px) 100vw, 130px\" data-attachment-id=\"22723\" data-permalink=\"https:\/\/projectcargoglobal.com\/?attachment_id=22723\" data-orig-file=\"https:\/\/i0.wp.com\/projectcargoglobal.com\/wp-content\/uploads\/2026\/03\/K-LINE-Sumitomo-.jpg?fit=640%2C356&amp;ssl=1\" data-orig-size=\"640,356\" data-comments-opened=\"0\" data-image-meta=\"{&quot;aperture&quot;:&quot;0&quot;,&quot;credit&quot;:&quot;&quot;,&quot;camera&quot;:&quot;&quot;,&quot;caption&quot;:&quot;Screenshot&quot;,&quot;created_timestamp&quot;:&quot;0&quot;,&quot;copyright&quot;:&quot;&quot;,&quot;focal_length&quot;:&quot;0&quot;,&quot;iso&quot;:&quot;0&quot;,&quot;shutter_speed&quot;:&quot;0&quot;,&quot;title&quot;:&quot;Screenshot&quot;,&quot;orientation&quot;:&quot;1&quot;}\" data-image-title=\"Screenshot\" data-image-description=\"\" data-image-caption=\"&lt;p&gt;Screenshot&lt;\/p&gt;\n\" data-large-file=\"https:\/\/i0.wp.com\/projectcargoglobal.com\/wp-content\/uploads\/2026\/03\/K-LINE-Sumitomo-.jpg?fit=640%2C356&amp;ssl=1\" \/><\/a>\n<h4 class=\"pt-cv-title\"><a href=\"https:\/\/projectcargoglobal.com\/?p=23678\" class=\"_self\" target=\"_self\" >&#8220;K&#8221; LINE signs agreements with NIHON SHIPYARD<\/a><\/h4><\/div><\/div>\n<div class=\"col-md-2 col-sm-3 col-xs-12 pt-cv-content-item pt-cv-1-col\" ><div class='pt-cv-ifield'><a href=\"https:\/\/projectcargoglobal.com\/?p=23674\" class=\"_self pt-cv-href-thumbnail pt-cv-thumb-default\" target=\"_self\" ><img loading=\"lazy\" decoding=\"async\" width=\"130\" height=\"90\" src=\"https:\/\/i0.wp.com\/projectcargoglobal.com\/wp-content\/uploads\/2026\/09\/Bertling-challenging-movement-.jpg?resize=130%2C90&amp;ssl=1\" class=\"pt-cv-thumbnail\" alt=\"\" srcset=\"https:\/\/i0.wp.com\/projectcargoglobal.com\/wp-content\/uploads\/2026\/09\/Bertling-challenging-movement-.jpg?resize=392%2C272&amp;ssl=1 392w, https:\/\/i0.wp.com\/projectcargoglobal.com\/wp-content\/uploads\/2026\/09\/Bertling-challenging-movement-.jpg?resize=130%2C90&amp;ssl=1 130w, https:\/\/i0.wp.com\/projectcargoglobal.com\/wp-content\/uploads\/2026\/09\/Bertling-challenging-movement-.jpg?zoom=2&amp;resize=130%2C90&amp;ssl=1 260w\" sizes=\"auto, (max-width: 130px) 100vw, 130px\" data-attachment-id=\"23675\" data-permalink=\"https:\/\/projectcargoglobal.com\/?attachment_id=23675\" data-orig-file=\"https:\/\/i0.wp.com\/projectcargoglobal.com\/wp-content\/uploads\/2026\/09\/Bertling-challenging-movement-.jpg?fit=640%2C356&amp;ssl=1\" data-orig-size=\"640,356\" data-comments-opened=\"0\" data-image-meta=\"{&quot;aperture&quot;:&quot;0&quot;,&quot;credit&quot;:&quot;&quot;,&quot;camera&quot;:&quot;&quot;,&quot;caption&quot;:&quot;&quot;,&quot;created_timestamp&quot;:&quot;0&quot;,&quot;copyright&quot;:&quot;&quot;,&quot;focal_length&quot;:&quot;0&quot;,&quot;iso&quot;:&quot;0&quot;,&quot;shutter_speed&quot;:&quot;0&quot;,&quot;title&quot;:&quot;&quot;,&quot;orientation&quot;:&quot;1&quot;}\" data-image-title=\"Bertling challenging movement\" data-image-description=\"\" data-image-caption=\"\" data-large-file=\"https:\/\/i0.wp.com\/projectcargoglobal.com\/wp-content\/uploads\/2026\/09\/Bertling-challenging-movement-.jpg?fit=640%2C356&amp;ssl=1\" \/><\/a>\n<h4 class=\"pt-cv-title\"><a href=\"https:\/\/projectcargoglobal.com\/?p=23674\" class=\"_self\" target=\"_self\" >Bertling takes on challenging movement<\/a><\/h4><\/div><\/div>\n<div class=\"col-md-2 col-sm-3 col-xs-12 pt-cv-content-item pt-cv-1-col\" ><div class='pt-cv-ifield'><a href=\"https:\/\/projectcargoglobal.com\/?p=23671\" class=\"_self pt-cv-href-thumbnail pt-cv-thumb-default\" target=\"_self\" ><img loading=\"lazy\" decoding=\"async\" width=\"130\" height=\"90\" src=\"https:\/\/i0.wp.com\/projectcargoglobal.com\/wp-content\/uploads\/2026\/09\/Sarens-military-vessel-.jpeg?resize=130%2C90&amp;ssl=1\" class=\"pt-cv-thumbnail\" alt=\"\" srcset=\"https:\/\/i0.wp.com\/projectcargoglobal.com\/wp-content\/uploads\/2026\/09\/Sarens-military-vessel-.jpeg?resize=392%2C272&amp;ssl=1 392w, https:\/\/i0.wp.com\/projectcargoglobal.com\/wp-content\/uploads\/2026\/09\/Sarens-military-vessel-.jpeg?resize=130%2C90&amp;ssl=1 130w, https:\/\/i0.wp.com\/projectcargoglobal.com\/wp-content\/uploads\/2026\/09\/Sarens-military-vessel-.jpeg?zoom=2&amp;resize=130%2C90&amp;ssl=1 260w\" sizes=\"auto, (max-width: 130px) 100vw, 130px\" data-attachment-id=\"23672\" data-permalink=\"https:\/\/projectcargoglobal.com\/?attachment_id=23672\" data-orig-file=\"https:\/\/i0.wp.com\/projectcargoglobal.com\/wp-content\/uploads\/2026\/09\/Sarens-military-vessel-.jpeg?fit=640%2C356&amp;ssl=1\" data-orig-size=\"640,356\" data-comments-opened=\"0\" data-image-meta=\"{&quot;aperture&quot;:&quot;0&quot;,&quot;credit&quot;:&quot;&quot;,&quot;camera&quot;:&quot;&quot;,&quot;caption&quot;:&quot;&quot;,&quot;created_timestamp&quot;:&quot;1777458255&quot;,&quot;copyright&quot;:&quot;&quot;,&quot;focal_length&quot;:&quot;0&quot;,&quot;iso&quot;:&quot;0&quot;,&quot;shutter_speed&quot;:&quot;0&quot;,&quot;title&quot;:&quot;&quot;,&quot;orientation&quot;:&quot;1&quot;}\" data-image-title=\"Sarens military vessel\" data-image-description=\"\" data-image-caption=\"\" data-large-file=\"https:\/\/i0.wp.com\/projectcargoglobal.com\/wp-content\/uploads\/2026\/09\/Sarens-military-vessel-.jpeg?fit=640%2C356&amp;ssl=1\" \/><\/a>\n<h4 class=\"pt-cv-title\"><a href=\"https:\/\/projectcargoglobal.com\/?p=23671\" class=\"_self\" target=\"_self\" >Sarens transports military vessel in Kazakhstan<\/a><\/h4><\/div><\/div>\n<div class=\"col-md-4 col-sm-3 col-xs-12 pt-cv-content-item pt-cv-1-col\" ><div class='pt-cv-ifield'><a href=\"https:\/\/projectcargoglobal.com\/?p=23665\" class=\"_self pt-cv-href-thumbnail pt-cv-thumb-default\" target=\"_self\" ><img loading=\"lazy\" decoding=\"async\" width=\"130\" height=\"90\" src=\"https:\/\/i0.wp.com\/projectcargoglobal.com\/wp-content\/uploads\/2026\/09\/EZ-LINK-ACS-.jpeg?resize=130%2C90&amp;ssl=1\" class=\"pt-cv-thumbnail\" alt=\"\" srcset=\"https:\/\/i0.wp.com\/projectcargoglobal.com\/wp-content\/uploads\/2026\/09\/EZ-LINK-ACS-.jpeg?resize=392%2C272&amp;ssl=1 392w, https:\/\/i0.wp.com\/projectcargoglobal.com\/wp-content\/uploads\/2026\/09\/EZ-LINK-ACS-.jpeg?resize=130%2C90&amp;ssl=1 130w, https:\/\/i0.wp.com\/projectcargoglobal.com\/wp-content\/uploads\/2026\/09\/EZ-LINK-ACS-.jpeg?zoom=2&amp;resize=130%2C90&amp;ssl=1 260w\" sizes=\"auto, (max-width: 130px) 100vw, 130px\" data-attachment-id=\"23666\" data-permalink=\"https:\/\/projectcargoglobal.com\/?attachment_id=23666\" data-orig-file=\"https:\/\/i0.wp.com\/projectcargoglobal.com\/wp-content\/uploads\/2026\/09\/EZ-LINK-ACS-.jpeg?fit=640%2C356&amp;ssl=1\" data-orig-size=\"640,356\" data-comments-opened=\"0\" data-image-meta=\"{&quot;aperture&quot;:&quot;0&quot;,&quot;credit&quot;:&quot;&quot;,&quot;camera&quot;:&quot;&quot;,&quot;caption&quot;:&quot;&quot;,&quot;created_timestamp&quot;:&quot;0&quot;,&quot;copyright&quot;:&quot;&quot;,&quot;focal_length&quot;:&quot;0&quot;,&quot;iso&quot;:&quot;0&quot;,&quot;shutter_speed&quot;:&quot;0&quot;,&quot;title&quot;:&quot;&quot;,&quot;orientation&quot;:&quot;1&quot;}\" data-image-title=\"EZ LINK ACS\" data-image-description=\"\" data-image-caption=\"\" data-large-file=\"https:\/\/i0.wp.com\/projectcargoglobal.com\/wp-content\/uploads\/2026\/09\/EZ-LINK-ACS-.jpeg?fit=640%2C356&amp;ssl=1\" \/><\/a>\n<h4 class=\"pt-cv-title\"><a href=\"https:\/\/projectcargoglobal.com\/?p=23665\" class=\"_self\" target=\"_self\" >EZ Link and ACS cooperate to handle rail vehicles<\/a><\/h4><\/div><\/div>\n<div class=\"col-md-2 col-sm-3 col-xs-12 pt-cv-content-item pt-cv-1-col\" ><div class='pt-cv-ifield'><a href=\"https:\/\/projectcargoglobal.com\/?p=23661\" class=\"_self pt-cv-href-thumbnail pt-cv-thumb-default\" target=\"_self\" ><img loading=\"lazy\" decoding=\"async\" width=\"130\" height=\"90\" src=\"https:\/\/i0.wp.com\/projectcargoglobal.com\/wp-content\/uploads\/2026\/09\/Mammoet-Japan-strengthens-.jpg?resize=130%2C90&amp;ssl=1\" class=\"pt-cv-thumbnail\" alt=\"\" srcset=\"https:\/\/i0.wp.com\/projectcargoglobal.com\/wp-content\/uploads\/2026\/09\/Mammoet-Japan-strengthens-.jpg?resize=392%2C272&amp;ssl=1 392w, https:\/\/i0.wp.com\/projectcargoglobal.com\/wp-content\/uploads\/2026\/09\/Mammoet-Japan-strengthens-.jpg?resize=130%2C90&amp;ssl=1 130w, https:\/\/i0.wp.com\/projectcargoglobal.com\/wp-content\/uploads\/2026\/09\/Mammoet-Japan-strengthens-.jpg?zoom=2&amp;resize=130%2C90&amp;ssl=1 260w\" sizes=\"auto, (max-width: 130px) 100vw, 130px\" data-attachment-id=\"23662\" data-permalink=\"https:\/\/projectcargoglobal.com\/?attachment_id=23662\" data-orig-file=\"https:\/\/i0.wp.com\/projectcargoglobal.com\/wp-content\/uploads\/2026\/09\/Mammoet-Japan-strengthens-.jpg?fit=640%2C356&amp;ssl=1\" data-orig-size=\"640,356\" data-comments-opened=\"0\" data-image-meta=\"{&quot;aperture&quot;:&quot;0&quot;,&quot;credit&quot;:&quot;&quot;,&quot;camera&quot;:&quot;&quot;,&quot;caption&quot;:&quot;&quot;,&quot;created_timestamp&quot;:&quot;0&quot;,&quot;copyright&quot;:&quot;&quot;,&quot;focal_length&quot;:&quot;0&quot;,&quot;iso&quot;:&quot;0&quot;,&quot;shutter_speed&quot;:&quot;0&quot;,&quot;title&quot;:&quot;&quot;,&quot;orientation&quot;:&quot;1&quot;}\" data-image-title=\"Mammoet Japan strengthens\" data-image-description=\"\" data-image-caption=\"\" data-large-file=\"https:\/\/i0.wp.com\/projectcargoglobal.com\/wp-content\/uploads\/2026\/09\/Mammoet-Japan-strengthens-.jpg?fit=640%2C356&amp;ssl=1\" \/><\/a>\n<h4 class=\"pt-cv-title\"><a href=\"https:\/\/projectcargoglobal.com\/?p=23661\" class=\"_self\" target=\"_self\" >Mammoet strengthens presence in Japan<\/a><\/h4><\/div><\/div>\n<div class=\"col-md-2 col-sm-3 col-xs-12 pt-cv-content-item pt-cv-1-col\" ><div class='pt-cv-ifield'><a href=\"https:\/\/projectcargoglobal.com\/?p=23658\" class=\"_self pt-cv-href-thumbnail pt-cv-thumb-default\" target=\"_self\" ><img loading=\"lazy\" decoding=\"async\" width=\"130\" height=\"90\" src=\"https:\/\/i0.wp.com\/projectcargoglobal.com\/wp-content\/uploads\/2026\/09\/TU-Eindhoven-.jpeg?resize=130%2C90&amp;ssl=1\" class=\"pt-cv-thumbnail\" alt=\"\" srcset=\"https:\/\/i0.wp.com\/projectcargoglobal.com\/wp-content\/uploads\/2026\/09\/TU-Eindhoven-.jpeg?resize=392%2C272&amp;ssl=1 392w, https:\/\/i0.wp.com\/projectcargoglobal.com\/wp-content\/uploads\/2026\/09\/TU-Eindhoven-.jpeg?resize=130%2C90&amp;ssl=1 130w, https:\/\/i0.wp.com\/projectcargoglobal.com\/wp-content\/uploads\/2026\/09\/TU-Eindhoven-.jpeg?zoom=2&amp;resize=130%2C90&amp;ssl=1 260w\" sizes=\"auto, (max-width: 130px) 100vw, 130px\" data-attachment-id=\"23659\" data-permalink=\"https:\/\/projectcargoglobal.com\/?attachment_id=23659\" data-orig-file=\"https:\/\/i0.wp.com\/projectcargoglobal.com\/wp-content\/uploads\/2026\/09\/TU-Eindhoven-.jpeg?fit=640%2C356&amp;ssl=1\" data-orig-size=\"640,356\" data-comments-opened=\"0\" data-image-meta=\"{&quot;aperture&quot;:&quot;0&quot;,&quot;credit&quot;:&quot;&quot;,&quot;camera&quot;:&quot;&quot;,&quot;caption&quot;:&quot;&quot;,&quot;created_timestamp&quot;:&quot;0&quot;,&quot;copyright&quot;:&quot;&quot;,&quot;focal_length&quot;:&quot;0&quot;,&quot;iso&quot;:&quot;0&quot;,&quot;shutter_speed&quot;:&quot;0&quot;,&quot;title&quot;:&quot;&quot;,&quot;orientation&quot;:&quot;1&quot;}\" data-image-title=\"TU Eindhoven\" data-image-description=\"\" data-image-caption=\"\" data-large-file=\"https:\/\/i0.wp.com\/projectcargoglobal.com\/wp-content\/uploads\/2026\/09\/TU-Eindhoven-.jpeg?fit=640%2C356&amp;ssl=1\" \/><\/a>\n<h4 class=\"pt-cv-title\"><a href=\"https:\/\/projectcargoglobal.com\/?p=23658\" class=\"_self\" target=\"_self\" >Students from TU Eindhoven tests Stella Juva<\/a><\/h4><\/div><\/div>\n<div class=\"col-md-2 col-sm-3 col-xs-12 pt-cv-content-item pt-cv-1-col\" ><div class='pt-cv-ifield'><a href=\"https:\/\/projectcargoglobal.com\/?p=23651\" class=\"_self pt-cv-href-thumbnail pt-cv-thumb-default\" target=\"_self\" ><img loading=\"lazy\" decoding=\"async\" width=\"130\" height=\"90\" src=\"https:\/\/i0.wp.com\/projectcargoglobal.com\/wp-content\/uploads\/2026\/08\/Total-Movements-executes-Mozambique.jpeg?resize=130%2C90&amp;ssl=1\" class=\"pt-cv-thumbnail\" alt=\"\" srcset=\"https:\/\/i0.wp.com\/projectcargoglobal.com\/wp-content\/uploads\/2026\/08\/Total-Movements-executes-Mozambique.jpeg?resize=392%2C272&amp;ssl=1 392w, https:\/\/i0.wp.com\/projectcargoglobal.com\/wp-content\/uploads\/2026\/08\/Total-Movements-executes-Mozambique.jpeg?resize=130%2C90&amp;ssl=1 130w, https:\/\/i0.wp.com\/projectcargoglobal.com\/wp-content\/uploads\/2026\/08\/Total-Movements-executes-Mozambique.jpeg?zoom=2&amp;resize=130%2C90&amp;ssl=1 260w\" sizes=\"auto, (max-width: 130px) 100vw, 130px\" data-attachment-id=\"23652\" data-permalink=\"https:\/\/projectcargoglobal.com\/?attachment_id=23652\" data-orig-file=\"https:\/\/i0.wp.com\/projectcargoglobal.com\/wp-content\/uploads\/2026\/08\/Total-Movements-executes-Mozambique.jpeg?fit=640%2C356&amp;ssl=1\" data-orig-size=\"640,356\" data-comments-opened=\"0\" data-image-meta=\"{&quot;aperture&quot;:&quot;0&quot;,&quot;credit&quot;:&quot;&quot;,&quot;camera&quot;:&quot;&quot;,&quot;caption&quot;:&quot;&quot;,&quot;created_timestamp&quot;:&quot;0&quot;,&quot;copyright&quot;:&quot;&quot;,&quot;focal_length&quot;:&quot;0&quot;,&quot;iso&quot;:&quot;0&quot;,&quot;shutter_speed&quot;:&quot;0&quot;,&quot;title&quot;:&quot;&quot;,&quot;orientation&quot;:&quot;1&quot;}\" data-image-title=\"Total Movements executes Mozambique\" data-image-description=\"\" data-image-caption=\"\" data-large-file=\"https:\/\/i0.wp.com\/projectcargoglobal.com\/wp-content\/uploads\/2026\/08\/Total-Movements-executes-Mozambique.jpeg?fit=640%2C356&amp;ssl=1\" \/><\/a>\n<h4 class=\"pt-cv-title\"><a href=\"https:\/\/projectcargoglobal.com\/?p=23651\" class=\"_self\" target=\"_self\" >Total Movements executes movement to Mozambique<\/a><\/h4><\/div><\/div>\n<div class=\"col-md-2 col-sm-3 col-xs-12 pt-cv-content-item pt-cv-1-col\" ><div class='pt-cv-ifield'><a href=\"https:\/\/projectcargoglobal.com\/?p=23648\" class=\"_self pt-cv-href-thumbnail pt-cv-thumb-default\" target=\"_self\" ><img loading=\"lazy\" decoding=\"async\" width=\"130\" height=\"90\" src=\"https:\/\/i0.wp.com\/projectcargoglobal.com\/wp-content\/uploads\/2026\/08\/Hiab-stone-laid-.jpg?resize=130%2C90&amp;ssl=1\" class=\"pt-cv-thumbnail\" alt=\"\" srcset=\"https:\/\/i0.wp.com\/projectcargoglobal.com\/wp-content\/uploads\/2026\/08\/Hiab-stone-laid-.jpg?resize=392%2C272&amp;ssl=1 392w, https:\/\/i0.wp.com\/projectcargoglobal.com\/wp-content\/uploads\/2026\/08\/Hiab-stone-laid-.jpg?resize=130%2C90&amp;ssl=1 130w, https:\/\/i0.wp.com\/projectcargoglobal.com\/wp-content\/uploads\/2026\/08\/Hiab-stone-laid-.jpg?zoom=2&amp;resize=130%2C90&amp;ssl=1 260w\" sizes=\"auto, (max-width: 130px) 100vw, 130px\" data-attachment-id=\"23649\" data-permalink=\"https:\/\/projectcargoglobal.com\/?attachment_id=23649\" data-orig-file=\"https:\/\/i0.wp.com\/projectcargoglobal.com\/wp-content\/uploads\/2026\/08\/Hiab-stone-laid-.jpg?fit=640%2C356&amp;ssl=1\" data-orig-size=\"640,356\" data-comments-opened=\"0\" data-image-meta=\"{&quot;aperture&quot;:&quot;0&quot;,&quot;credit&quot;:&quot;&quot;,&quot;camera&quot;:&quot;&quot;,&quot;caption&quot;:&quot;&quot;,&quot;created_timestamp&quot;:&quot;0&quot;,&quot;copyright&quot;:&quot;&quot;,&quot;focal_length&quot;:&quot;0&quot;,&quot;iso&quot;:&quot;0&quot;,&quot;shutter_speed&quot;:&quot;0&quot;,&quot;title&quot;:&quot;&quot;,&quot;orientation&quot;:&quot;1&quot;}\" data-image-title=\"Hiab stone laid\" data-image-description=\"\" data-image-caption=\"\" data-large-file=\"https:\/\/i0.wp.com\/projectcargoglobal.com\/wp-content\/uploads\/2026\/08\/Hiab-stone-laid-.jpg?fit=640%2C356&amp;ssl=1\" \/><\/a>\n<h4 class=\"pt-cv-title\"><a href=\"https:\/\/projectcargoglobal.com\/?p=23648\" class=\"_self\" target=\"_self\" >Foundation stone laid at Hiab&#8217;s facility in Raisio<\/a><\/h4><\/div><\/div>\n<div class=\"col-md-4 col-sm-3 col-xs-12 pt-cv-content-item pt-cv-1-col\" ><div class='pt-cv-ifield'><a href=\"https:\/\/projectcargoglobal.com\/?p=23645\" class=\"_self pt-cv-href-thumbnail pt-cv-thumb-default\" target=\"_self\" ><img loading=\"lazy\" decoding=\"async\" width=\"130\" height=\"90\" src=\"https:\/\/i0.wp.com\/projectcargoglobal.com\/wp-content\/uploads\/2026\/08\/Briggs-apprenticeship-.jpg?resize=130%2C90&amp;ssl=1\" class=\"pt-cv-thumbnail\" alt=\"\" srcset=\"https:\/\/i0.wp.com\/projectcargoglobal.com\/wp-content\/uploads\/2026\/08\/Briggs-apprenticeship-.jpg?resize=392%2C272&amp;ssl=1 392w, https:\/\/i0.wp.com\/projectcargoglobal.com\/wp-content\/uploads\/2026\/08\/Briggs-apprenticeship-.jpg?resize=130%2C90&amp;ssl=1 130w, https:\/\/i0.wp.com\/projectcargoglobal.com\/wp-content\/uploads\/2026\/08\/Briggs-apprenticeship-.jpg?zoom=2&amp;resize=130%2C90&amp;ssl=1 260w\" sizes=\"auto, (max-width: 130px) 100vw, 130px\" data-attachment-id=\"23646\" data-permalink=\"https:\/\/projectcargoglobal.com\/?attachment_id=23646\" data-orig-file=\"https:\/\/i0.wp.com\/projectcargoglobal.com\/wp-content\/uploads\/2026\/08\/Briggs-apprenticeship-.jpg?fit=640%2C356&amp;ssl=1\" data-orig-size=\"640,356\" data-comments-opened=\"0\" data-image-meta=\"{&quot;aperture&quot;:&quot;0&quot;,&quot;credit&quot;:&quot;&quot;,&quot;camera&quot;:&quot;&quot;,&quot;caption&quot;:&quot;&quot;,&quot;created_timestamp&quot;:&quot;0&quot;,&quot;copyright&quot;:&quot;&quot;,&quot;focal_length&quot;:&quot;0&quot;,&quot;iso&quot;:&quot;0&quot;,&quot;shutter_speed&quot;:&quot;0&quot;,&quot;title&quot;:&quot;&quot;,&quot;orientation&quot;:&quot;1&quot;}\" data-image-title=\"Briggs apprenticeship\" data-image-description=\"\" data-image-caption=\"\" data-large-file=\"https:\/\/i0.wp.com\/projectcargoglobal.com\/wp-content\/uploads\/2026\/08\/Briggs-apprenticeship-.jpg?fit=640%2C356&amp;ssl=1\" \/><\/a>\n<h4 class=\"pt-cv-title\"><a href=\"https:\/\/projectcargoglobal.com\/?p=23645\" class=\"_self\" target=\"_self\" >Apprentice Raqeem shares journey at Briggs<\/a><\/h4><\/div><\/div>\n<div class=\"col-md-2 col-sm-3 col-xs-12 pt-cv-content-item pt-cv-1-col\" ><div class='pt-cv-ifield'><a href=\"https:\/\/projectcargoglobal.com\/?p=23635\" class=\"_self pt-cv-href-thumbnail pt-cv-thumb-default\" target=\"_self\" ><img loading=\"lazy\" decoding=\"async\" width=\"130\" height=\"90\" src=\"https:\/\/i0.wp.com\/projectcargoglobal.com\/wp-content\/uploads\/2026\/08\/Mammoet-ISO-19443.jpeg?resize=130%2C90&amp;ssl=1\" class=\"pt-cv-thumbnail\" alt=\"\" srcset=\"https:\/\/i0.wp.com\/projectcargoglobal.com\/wp-content\/uploads\/2026\/08\/Mammoet-ISO-19443.jpeg?resize=392%2C272&amp;ssl=1 392w, https:\/\/i0.wp.com\/projectcargoglobal.com\/wp-content\/uploads\/2026\/08\/Mammoet-ISO-19443.jpeg?resize=130%2C90&amp;ssl=1 130w, https:\/\/i0.wp.com\/projectcargoglobal.com\/wp-content\/uploads\/2026\/08\/Mammoet-ISO-19443.jpeg?zoom=2&amp;resize=130%2C90&amp;ssl=1 260w\" sizes=\"auto, (max-width: 130px) 100vw, 130px\" data-attachment-id=\"23636\" data-permalink=\"https:\/\/projectcargoglobal.com\/?attachment_id=23636\" data-orig-file=\"https:\/\/i0.wp.com\/projectcargoglobal.com\/wp-content\/uploads\/2026\/08\/Mammoet-ISO-19443.jpeg?fit=640%2C356&amp;ssl=1\" data-orig-size=\"640,356\" data-comments-opened=\"0\" data-image-meta=\"{&quot;aperture&quot;:&quot;0&quot;,&quot;credit&quot;:&quot;&quot;,&quot;camera&quot;:&quot;&quot;,&quot;caption&quot;:&quot;&quot;,&quot;created_timestamp&quot;:&quot;0&quot;,&quot;copyright&quot;:&quot;&quot;,&quot;focal_length&quot;:&quot;0&quot;,&quot;iso&quot;:&quot;0&quot;,&quot;shutter_speed&quot;:&quot;0&quot;,&quot;title&quot;:&quot;&quot;,&quot;orientation&quot;:&quot;1&quot;}\" data-image-title=\"Mammoet ISO 19443\" data-image-description=\"\" data-image-caption=\"\" data-large-file=\"https:\/\/i0.wp.com\/projectcargoglobal.com\/wp-content\/uploads\/2026\/08\/Mammoet-ISO-19443.jpeg?fit=640%2C356&amp;ssl=1\" \/><\/a>\n<h4 class=\"pt-cv-title\"><a href=\"https:\/\/projectcargoglobal.com\/?p=23635\" class=\"_self\" target=\"_self\" >Mammoet becomes first to achieve ISO 19443<\/a><\/h4><\/div><\/div>\n<div class=\"col-md-2 col-sm-3 col-xs-12 pt-cv-content-item pt-cv-1-col\" ><div class='pt-cv-ifield'><a href=\"https:\/\/projectcargoglobal.com\/?p=23642\" class=\"_self pt-cv-href-thumbnail pt-cv-thumb-default\" target=\"_self\" ><img loading=\"lazy\" decoding=\"async\" width=\"130\" height=\"90\" src=\"https:\/\/i0.wp.com\/projectcargoglobal.com\/wp-content\/uploads\/2026\/08\/Central-Oceans-China-Brazil-.jpg?resize=130%2C90&amp;ssl=1\" class=\"pt-cv-thumbnail\" alt=\"\" srcset=\"https:\/\/i0.wp.com\/projectcargoglobal.com\/wp-content\/uploads\/2026\/08\/Central-Oceans-China-Brazil-.jpg?resize=392%2C272&amp;ssl=1 392w, https:\/\/i0.wp.com\/projectcargoglobal.com\/wp-content\/uploads\/2026\/08\/Central-Oceans-China-Brazil-.jpg?resize=130%2C90&amp;ssl=1 130w, https:\/\/i0.wp.com\/projectcargoglobal.com\/wp-content\/uploads\/2026\/08\/Central-Oceans-China-Brazil-.jpg?zoom=2&amp;resize=130%2C90&amp;ssl=1 260w\" sizes=\"auto, (max-width: 130px) 100vw, 130px\" data-attachment-id=\"23643\" data-permalink=\"https:\/\/projectcargoglobal.com\/?attachment_id=23643\" data-orig-file=\"https:\/\/i0.wp.com\/projectcargoglobal.com\/wp-content\/uploads\/2026\/08\/Central-Oceans-China-Brazil-.jpg?fit=640%2C356&amp;ssl=1\" data-orig-size=\"640,356\" data-comments-opened=\"0\" data-image-meta=\"{&quot;aperture&quot;:&quot;0&quot;,&quot;credit&quot;:&quot;&quot;,&quot;camera&quot;:&quot;&quot;,&quot;caption&quot;:&quot;Screenshot&quot;,&quot;created_timestamp&quot;:&quot;0&quot;,&quot;copyright&quot;:&quot;&quot;,&quot;focal_length&quot;:&quot;0&quot;,&quot;iso&quot;:&quot;0&quot;,&quot;shutter_speed&quot;:&quot;0&quot;,&quot;title&quot;:&quot;Screenshot&quot;,&quot;orientation&quot;:&quot;1&quot;}\" data-image-title=\"Screenshot\" data-image-description=\"\" data-image-caption=\"&lt;p&gt;Screenshot&lt;\/p&gt;\n\" data-large-file=\"https:\/\/i0.wp.com\/projectcargoglobal.com\/wp-content\/uploads\/2026\/08\/Central-Oceans-China-Brazil-.jpg?fit=640%2C356&amp;ssl=1\" \/><\/a>\n<h4 class=\"pt-cv-title\"><a href=\"https:\/\/projectcargoglobal.com\/?p=23642\" class=\"_self\" target=\"_self\" >Central Oceans completes shipment from China to Brazil<\/a><\/h4><\/div><\/div>\n<div class=\"col-md-2 col-sm-3 col-xs-12 pt-cv-content-item pt-cv-1-col\" ><div class='pt-cv-ifield'><a href=\"https:\/\/projectcargoglobal.com\/?p=23638\" class=\"_self pt-cv-href-thumbnail pt-cv-thumb-default\" target=\"_self\" ><img loading=\"lazy\" decoding=\"async\" width=\"130\" height=\"90\" src=\"https:\/\/i0.wp.com\/projectcargoglobal.com\/wp-content\/uploads\/2026\/08\/Hoegh-6-Aurora-.jpg?resize=130%2C90&amp;ssl=1\" class=\"pt-cv-thumbnail\" alt=\"\" srcset=\"https:\/\/i0.wp.com\/projectcargoglobal.com\/wp-content\/uploads\/2026\/08\/Hoegh-6-Aurora-.jpg?resize=392%2C272&amp;ssl=1 392w, https:\/\/i0.wp.com\/projectcargoglobal.com\/wp-content\/uploads\/2026\/08\/Hoegh-6-Aurora-.jpg?resize=130%2C90&amp;ssl=1 130w, https:\/\/i0.wp.com\/projectcargoglobal.com\/wp-content\/uploads\/2026\/08\/Hoegh-6-Aurora-.jpg?zoom=2&amp;resize=130%2C90&amp;ssl=1 260w\" sizes=\"auto, (max-width: 130px) 100vw, 130px\" data-attachment-id=\"23639\" data-permalink=\"https:\/\/projectcargoglobal.com\/?attachment_id=23639\" data-orig-file=\"https:\/\/i0.wp.com\/projectcargoglobal.com\/wp-content\/uploads\/2026\/08\/Hoegh-6-Aurora-.jpg?fit=640%2C356&amp;ssl=1\" data-orig-size=\"640,356\" data-comments-opened=\"0\" data-image-meta=\"{&quot;aperture&quot;:&quot;0&quot;,&quot;credit&quot;:&quot;&quot;,&quot;camera&quot;:&quot;&quot;,&quot;caption&quot;:&quot;&quot;,&quot;created_timestamp&quot;:&quot;0&quot;,&quot;copyright&quot;:&quot;&quot;,&quot;focal_length&quot;:&quot;0&quot;,&quot;iso&quot;:&quot;0&quot;,&quot;shutter_speed&quot;:&quot;0&quot;,&quot;title&quot;:&quot;&quot;,&quot;orientation&quot;:&quot;1&quot;}\" data-image-title=\"Hoegh 6 Aurora\" data-image-description=\"\" data-image-caption=\"\" data-large-file=\"https:\/\/i0.wp.com\/projectcargoglobal.com\/wp-content\/uploads\/2026\/08\/Hoegh-6-Aurora-.jpg?fit=640%2C356&amp;ssl=1\" \/><\/a>\n<h4 class=\"pt-cv-title\"><a href=\"https:\/\/projectcargoglobal.com\/?p=23638\" class=\"_self\" target=\"_self\" >H\u00f6egh orders six additional Aurora class vessels<\/a><\/h4><\/div><\/div>\n<div class=\"col-md-2 col-sm-3 col-xs-12 pt-cv-content-item pt-cv-1-col\" ><div class='pt-cv-ifield'><a href=\"https:\/\/projectcargoglobal.com\/?p=23632\" class=\"_self pt-cv-href-thumbnail pt-cv-thumb-default\" target=\"_self\" ><img loading=\"lazy\" decoding=\"async\" width=\"130\" height=\"90\" src=\"https:\/\/i0.wp.com\/projectcargoglobal.com\/wp-content\/uploads\/2026\/08\/CTO-Brazil-marine-hoses-.jpeg?resize=130%2C90&amp;ssl=1\" class=\"pt-cv-thumbnail\" alt=\"\" srcset=\"https:\/\/i0.wp.com\/projectcargoglobal.com\/wp-content\/uploads\/2026\/08\/CTO-Brazil-marine-hoses-.jpeg?resize=392%2C272&amp;ssl=1 392w, https:\/\/i0.wp.com\/projectcargoglobal.com\/wp-content\/uploads\/2026\/08\/CTO-Brazil-marine-hoses-.jpeg?resize=130%2C90&amp;ssl=1 130w, https:\/\/i0.wp.com\/projectcargoglobal.com\/wp-content\/uploads\/2026\/08\/CTO-Brazil-marine-hoses-.jpeg?zoom=2&amp;resize=130%2C90&amp;ssl=1 260w\" sizes=\"auto, (max-width: 130px) 100vw, 130px\" data-attachment-id=\"23633\" data-permalink=\"https:\/\/projectcargoglobal.com\/?attachment_id=23633\" data-orig-file=\"https:\/\/i0.wp.com\/projectcargoglobal.com\/wp-content\/uploads\/2026\/08\/CTO-Brazil-marine-hoses-.jpeg?fit=640%2C356&amp;ssl=1\" data-orig-size=\"640,356\" data-comments-opened=\"0\" data-image-meta=\"{&quot;aperture&quot;:&quot;0&quot;,&quot;credit&quot;:&quot;&quot;,&quot;camera&quot;:&quot;&quot;,&quot;caption&quot;:&quot;&quot;,&quot;created_timestamp&quot;:&quot;0&quot;,&quot;copyright&quot;:&quot;&quot;,&quot;focal_length&quot;:&quot;0&quot;,&quot;iso&quot;:&quot;0&quot;,&quot;shutter_speed&quot;:&quot;0&quot;,&quot;title&quot;:&quot;&quot;,&quot;orientation&quot;:&quot;1&quot;}\" data-image-title=\"CTO Brazil marine hoses\" data-image-description=\"\" data-image-caption=\"\" data-large-file=\"https:\/\/i0.wp.com\/projectcargoglobal.com\/wp-content\/uploads\/2026\/08\/CTO-Brazil-marine-hoses-.jpeg?fit=640%2C356&amp;ssl=1\" \/><\/a>\n<h4 class=\"pt-cv-title\"><a href=\"https:\/\/projectcargoglobal.com\/?p=23632\" class=\"_self\" target=\"_self\" >CTO Brazil coordinates transport of marine hoses<\/a><\/h4><\/div><\/div>\n<div class=\"col-md-4 col-sm-3 col-xs-12 pt-cv-content-item pt-cv-1-col\" ><div class='pt-cv-ifield'><a href=\"https:\/\/projectcargoglobal.com\/?p=23629\" class=\"_self pt-cv-href-thumbnail pt-cv-thumb-default\" target=\"_self\" ><img loading=\"lazy\" decoding=\"async\" width=\"130\" height=\"90\" src=\"https:\/\/i0.wp.com\/projectcargoglobal.com\/wp-content\/uploads\/2026\/08\/Bertling-Darwin-.jpg?resize=130%2C90&amp;ssl=1\" class=\"pt-cv-thumbnail\" alt=\"\" srcset=\"https:\/\/i0.wp.com\/projectcargoglobal.com\/wp-content\/uploads\/2026\/08\/Bertling-Darwin-.jpg?resize=392%2C272&amp;ssl=1 392w, https:\/\/i0.wp.com\/projectcargoglobal.com\/wp-content\/uploads\/2026\/08\/Bertling-Darwin-.jpg?resize=130%2C90&amp;ssl=1 130w, https:\/\/i0.wp.com\/projectcargoglobal.com\/wp-content\/uploads\/2026\/08\/Bertling-Darwin-.jpg?zoom=2&amp;resize=130%2C90&amp;ssl=1 260w\" sizes=\"auto, (max-width: 130px) 100vw, 130px\" data-attachment-id=\"23630\" data-permalink=\"https:\/\/projectcargoglobal.com\/?attachment_id=23630\" data-orig-file=\"https:\/\/i0.wp.com\/projectcargoglobal.com\/wp-content\/uploads\/2026\/08\/Bertling-Darwin-.jpg?fit=640%2C356&amp;ssl=1\" data-orig-size=\"640,356\" data-comments-opened=\"0\" data-image-meta=\"{&quot;aperture&quot;:&quot;0&quot;,&quot;credit&quot;:&quot;&quot;,&quot;camera&quot;:&quot;&quot;,&quot;caption&quot;:&quot;&quot;,&quot;created_timestamp&quot;:&quot;0&quot;,&quot;copyright&quot;:&quot;&quot;,&quot;focal_length&quot;:&quot;0&quot;,&quot;iso&quot;:&quot;0&quot;,&quot;shutter_speed&quot;:&quot;0&quot;,&quot;title&quot;:&quot;&quot;,&quot;orientation&quot;:&quot;1&quot;}\" data-image-title=\"Bertling Darwin\" data-image-description=\"\" data-image-caption=\"\" data-large-file=\"https:\/\/i0.wp.com\/projectcargoglobal.com\/wp-content\/uploads\/2026\/08\/Bertling-Darwin-.jpg?fit=640%2C356&amp;ssl=1\" \/><\/a>\n<h4 class=\"pt-cv-title\"><a href=\"https:\/\/projectcargoglobal.com\/?p=23629\" class=\"_self\" target=\"_self\" >Bertling Singapore delivers critical components to Darwin<\/a><\/h4><\/div><\/div><\/div><\/div><\/div><\/p>\n","protected":false},"excerpt":{"rendered":"<p>H\u00f6egh Autoliners has signed a five-year contract with Norwegian technology company SGM Technology to equip its entire fleet with PntGuard\u2122.<\/p>\n","protected":false},"author":9,"featured_media":23669,"comment_status":"closed","ping_status":"closed","sticky":false,"template":"","format":"standard","meta":{"colormag_page_container_layout":"default_layout","colormag_page_sidebar_layout":"default_layout","_jetpack_newsletter_access":"","_jetpack_dont_email_post_to_subs":false,"_jetpack_newsletter_tier_id":0,"_jetpack_memberships_contains_paywalled_content":false,"_jetpack_feature_clip_id":0,"_jetpack_memberships_contains_paid_content":false,"footnotes":"","jetpack_publicize_message":"","jetpack_publicize_feature_enabled":true,"jetpack_social_post_already_shared":true,"jetpack_social_options":{"image_generator_settings":{"template":"highway","default_image_id":0,"font":"","enabled":false},"version":2},"jetpack_post_was_ever_published":false},"categories":[4],"tags":[1053,2536],"class_list":["post-23668","post","type-post","status-publish","format-standard","has-post-thumbnail","hentry","category-latest-news","tag-hoegh","tag-sgm-technology"],"jetpack_publicize_connections":[],"jetpack_sharing_enabled":true,"jetpack_shortlink":"https:\/\/wp.me\/paPyrk-69K","jetpack-related-posts":[{"id":23638,"url":"https:\/\/projectcargoglobal.com\/?p=23638","url_meta":{"origin":23668,"position":0},"title":"H\u00f6egh orders six additional Aurora class vessels","author":"Project Cargo Global","date":"August 26, 2026","format":false,"excerpt":"H\u00f6egh Autoliners ASA is pleased to announce that it has decided to order six additional new dual-fuel LNG and zero-carbon-ready Aurora class vessels for delivery in 2029\u20132031. This decision will extend H\u00f6egh Autoliners\u2019 Aurora class newbuilding program to a total of eighteen vessels, all of which will be built by\u2026","rel":"","context":"In &quot;Latest News&quot;","block_context":{"text":"Latest News","link":"https:\/\/projectcargoglobal.com\/?cat=4"},"img":{"alt_text":"","src":"https:\/\/i0.wp.com\/projectcargoglobal.com\/wp-content\/uploads\/2026\/08\/Hoegh-6-Aurora-.jpg?fit=640%2C356&ssl=1&resize=350%2C200","width":350,"height":200,"srcset":"https:\/\/i0.wp.com\/projectcargoglobal.com\/wp-content\/uploads\/2026\/08\/Hoegh-6-Aurora-.jpg?fit=640%2C356&ssl=1&resize=350%2C200 1x, https:\/\/i0.wp.com\/projectcargoglobal.com\/wp-content\/uploads\/2026\/08\/Hoegh-6-Aurora-.jpg?fit=640%2C356&ssl=1&resize=525%2C300 1.5x"},"classes":[]},{"id":22286,"url":"https:\/\/projectcargoglobal.com\/?p=22286","url_meta":{"origin":23668,"position":1},"title":"Hoegh Autoliners joins WSC","author":"Project Cargo Global","date":"January 15, 2026","format":false,"excerpt":"H\u00f6egh Autoliners and the World Shipping Council (WSC) today announced that H\u00f6egh Autoliners has joined WSC as a member, further strengthening the Council\u2019s representation of the global liner shipping industry, including the vehicle carrier sector. \u201cWe are pleased to welcome H\u00f6egh Autoliners to the World Shipping Council,\u201d said Joe Kramek,\u2026","rel":"","context":"In &quot;Latest News&quot;","block_context":{"text":"Latest News","link":"https:\/\/projectcargoglobal.com\/?cat=4"},"img":{"alt_text":"","src":"https:\/\/i0.wp.com\/projectcargoglobal.com\/wp-content\/uploads\/2026\/01\/Hoegh-WSC-.jpg?fit=640%2C356&ssl=1&resize=350%2C200","width":350,"height":200,"srcset":"https:\/\/i0.wp.com\/projectcargoglobal.com\/wp-content\/uploads\/2026\/01\/Hoegh-WSC-.jpg?fit=640%2C356&ssl=1&resize=350%2C200 1x, https:\/\/i0.wp.com\/projectcargoglobal.com\/wp-content\/uploads\/2026\/01\/Hoegh-WSC-.jpg?fit=640%2C356&ssl=1&resize=525%2C300 1.5x"},"classes":[]},{"id":21454,"url":"https:\/\/projectcargoglobal.com\/?p=21454","url_meta":{"origin":23668,"position":2},"title":"Hoegh Borealis to call at the Port of Barcelona","author":"Project Cargo Global","date":"October 2, 2025","format":false,"excerpt":"On September 30, the H\u00f6egh Borealis, one of H\u00f6egh Autoliners\u2019 groundbreaking Aurora Class vessels, will call at the Port of Barcelona to mark another milestone in the shared journey between H\u00f6egh Autoliners and the Port of Barcelona toward a greener, more sustainable deep-sea shipping industry. The H\u00f6egh Borealis is part\u2026","rel":"","context":"In &quot;Latest News&quot;","block_context":{"text":"Latest News","link":"https:\/\/projectcargoglobal.com\/?cat=4"},"img":{"alt_text":"","src":"https:\/\/i0.wp.com\/projectcargoglobal.com\/wp-content\/uploads\/2025\/10\/Hoegh-Borealis-.jpg?fit=640%2C356&ssl=1&resize=350%2C200","width":350,"height":200,"srcset":"https:\/\/i0.wp.com\/projectcargoglobal.com\/wp-content\/uploads\/2025\/10\/Hoegh-Borealis-.jpg?fit=640%2C356&ssl=1&resize=350%2C200 1x, https:\/\/i0.wp.com\/projectcargoglobal.com\/wp-content\/uploads\/2025\/10\/Hoegh-Borealis-.jpg?fit=640%2C356&ssl=1&resize=525%2C300 1.5x"},"classes":[]},{"id":21131,"url":"https:\/\/projectcargoglobal.com\/?p=21131","url_meta":{"origin":23668,"position":3},"title":"Hoegh Moonlight named at the Port of Gothenburg","author":"Project Cargo Global","date":"September 3, 2025","format":false,"excerpt":"H\u00f6egh Autoliners today celebrated the naming of its sixth Aurora-Class vessel in commercial operation at Sweden\u2019s leading and largest port in the Nordic region. The vessel was sponsored by Mrs Jenny Westermark, Senior Vice President, GTO Production Logistics at Volvo Group, who performed the traditional bottle-breaking. An array of sustainable\u2026","rel":"","context":"In &quot;Latest News&quot;","block_context":{"text":"Latest News","link":"https:\/\/projectcargoglobal.com\/?cat=4"},"img":{"alt_text":"","src":"https:\/\/i0.wp.com\/projectcargoglobal.com\/wp-content\/uploads\/2025\/09\/Hoegh-Moonlight-Gothenburg-.jpg?fit=640%2C356&ssl=1&resize=350%2C200","width":350,"height":200,"srcset":"https:\/\/i0.wp.com\/projectcargoglobal.com\/wp-content\/uploads\/2025\/09\/Hoegh-Moonlight-Gothenburg-.jpg?fit=640%2C356&ssl=1&resize=350%2C200 1x, https:\/\/i0.wp.com\/projectcargoglobal.com\/wp-content\/uploads\/2025\/09\/Hoegh-Moonlight-Gothenburg-.jpg?fit=640%2C356&ssl=1&resize=525%2C300 1.5x"},"classes":[]},{"id":22920,"url":"https:\/\/projectcargoglobal.com\/?p=22920","url_meta":{"origin":23668,"position":4},"title":"Hoegh welcomes another newbuild to their fleet","author":"Project Cargo Global","date":"April 22, 2026","format":false,"excerpt":"Last week, H\u00f6egh Autoliners celebrated and welcomed yet another newbuild to the H\u00f6egh fleet. The H\u00f6egh Pacific, a 2,450 CEU PCTC feeder, represents something important: precision, timing, execution power, and the ability to exceed even the toughest expectations. The H\u00f6egh Pacific is purpose-built for the routes that connect Central America\u2026","rel":"","context":"In &quot;Latest News&quot;","block_context":{"text":"Latest News","link":"https:\/\/projectcargoglobal.com\/?cat=4"},"img":{"alt_text":"","src":"https:\/\/i0.wp.com\/projectcargoglobal.com\/wp-content\/uploads\/2026\/04\/Hoegh-newbuild-.jpg?fit=640%2C356&ssl=1&resize=350%2C200","width":350,"height":200,"srcset":"https:\/\/i0.wp.com\/projectcargoglobal.com\/wp-content\/uploads\/2026\/04\/Hoegh-newbuild-.jpg?fit=640%2C356&ssl=1&resize=350%2C200 1x, https:\/\/i0.wp.com\/projectcargoglobal.com\/wp-content\/uploads\/2026\/04\/Hoegh-newbuild-.jpg?fit=640%2C356&ssl=1&resize=525%2C300 1.5x"},"classes":[]},{"id":22042,"url":"https:\/\/projectcargoglobal.com\/?p=22042","url_meta":{"origin":23668,"position":5},"title":"Hoegh marks International Anti-Corruption Day","author":"Project Cargo Global","date":"December 11, 2025","format":false,"excerpt":"Every December 9, H\u00f6egh Autoliners joins like-minded organisations in marking International Anti-Corruption Day. This United Nations initiative reminds us of the serious harm corruption causes to societies, economies, and governments. As a company committed to integrity, we proudly support the UN campaign to stand United Against Corruption because every \u201cNO\u201d\u2026","rel":"","context":"In &quot;Latest News&quot;","block_context":{"text":"Latest News","link":"https:\/\/projectcargoglobal.com\/?cat=4"},"img":{"alt_text":"","src":"https:\/\/i0.wp.com\/projectcargoglobal.com\/wp-content\/uploads\/2025\/12\/Hoegh-International-anti-corruption-.jpg?fit=640%2C356&ssl=1&resize=350%2C200","width":350,"height":200,"srcset":"https:\/\/i0.wp.com\/projectcargoglobal.com\/wp-content\/uploads\/2025\/12\/Hoegh-International-anti-corruption-.jpg?fit=640%2C356&ssl=1&resize=350%2C200 1x, https:\/\/i0.wp.com\/projectcargoglobal.com\/wp-content\/uploads\/2025\/12\/Hoegh-International-anti-corruption-.jpg?fit=640%2C356&ssl=1&resize=525%2C300 1.5x"},"classes":[]}],"jetpack_featured_media_url":"https:\/\/i0.wp.com\/projectcargoglobal.com\/wp-content\/uploads\/2026\/09\/Hoegh-6-Aurora-.jpg?fit=640%2C356&ssl=1","_links":{"self":[{"href":"https:\/\/projectcargoglobal.com\/index.php?rest_route=\/wp\/v2\/posts\/23668","targetHints":{"allow":["GET"]}}],"collection":[{"href":"https:\/\/projectcargoglobal.com\/index.php?rest_route=\/wp\/v2\/posts"}],"about":[{"href":"https:\/\/projectcargoglobal.com\/index.php?rest_route=\/wp\/v2\/types\/post"}],"author":[{"embeddable":true,"href":"https:\/\/projectcargoglobal.com\/index.php?rest_route=\/wp\/v2\/users\/9"}],"replies":[{"embeddable":true,"href":"https:\/\/projectcargoglobal.com\/index.php?rest_route=%2Fwp%2Fv2%2Fcomments&post=23668"}],"version-history":[{"count":1,"href":"https:\/\/projectcargoglobal.com\/index.php?rest_route=\/wp\/v2\/posts\/23668\/revisions"}],"predecessor-version":[{"id":23670,"href":"https:\/\/projectcargoglobal.com\/index.php?rest_route=\/wp\/v2\/posts\/23668\/revisions\/23670"}],"wp:featuredmedia":[{"embeddable":true,"href":"https:\/\/projectcargoglobal.com\/index.php?rest_route=\/wp\/v2\/media\/23669"}],"wp:attachment":[{"href":"https:\/\/projectcargoglobal.com\/index.php?rest_route=%2Fwp%2Fv2%2Fmedia&parent=23668"}],"wp:term":[{"taxonomy":"category","embeddable":true,"href":"https:\/\/projectcargoglobal.com\/index.php?rest_route=%2Fwp%2Fv2%2Fcategories&post=23668"},{"taxonomy":"post_tag","embeddable":true,"href":"https:\/\/projectcargoglobal.com\/index.php?rest_route=%2Fwp%2Fv2%2Ftags&post=23668"}],"curies":[{"name":"wp","href":"https:\/\/api.w.org\/{rel}","templated":true}]}}