{"id":23089,"date":"2026-05-26T10:19:48","date_gmt":"2026-05-26T10:19:48","guid":{"rendered":"https:\/\/projectcargoglobal.com\/?p=23089"},"modified":"2026-05-26T10:19:48","modified_gmt":"2026-05-26T10:19:48","slug":"rhenus-activates-alternative-europe-middle-east-land-corridor","status":"publish","type":"post","link":"https:\/\/projectcargoglobal.com\/?p=23089","title":{"rendered":"Rhenus activates alternative Europe-Middle East land corridor"},"content":{"rendered":"<p><strong>As ongoing regional challenges continue to disrupt traditional logistics routes between Europe and the Middle East, Rhenus has activated a reliable overland corridor via Jordan, providing customers with a stable and efficient alternative for transporting goods into the Gulf region.<\/strong><\/p>\n<p>The solution connects T\u00fcrkiye and Europe with key destinations including Saudi Arabia (Riyadh and Dammam), Kuwait, the United Arab Emirates (Jebel Ali, Abu Dhabi), Qatar, Bahrain and Oman. Designed to maintain supply chain continuity in an increasingly volatile environment, the corridor combines road and multimodal transport to offer greater predictability and control.<\/p>\n<p>Within less than one month of operations, Rhenus has already handled more than 10 full truck load (FTL) shipments, moving over 190,000 kilograms of cargo through the corridor, demonstrating both immediate demand and operational scalability.<\/p>\n<p>The setup is supported by close coordination between Rhenus teams in Germany, Italy, T\u00fcrkiye and United Arab Emirates, ensuring seamless execution across borders and consistent service delivery despite complex conditions.<\/p>\n<p>With supply chains under pressure from evolving geopolitical and operational constraints, companies are increasingly seeking flexible routing options beyond traditional sea freight and direct road connections.<\/p>\n<p>The Jordan corridor offered by Rhenus provides a structured and reliable transport solution, with transit times of 10\u201313 days from T\u00fcrkiye and 19\u201322 days from Europe, depending on border and operating conditions. The service supports a range of cargo types using tautliner (up to 24 tons) and reefer trucks (up to 23 tons), ensuring adaptability to different industries and shipment requirements.<\/p>\n<p>While the solution is primarily based on road and multimodal transport, it is embedded within Rhenus\u2019 global network, allowing customers to complement shipments with air or ocean freight services when needed.<\/p>\n<p>The effectiveness of the corridor is illustrated by a recent time-sensitive shipment of oilfield supply equipment for the customer FTE, worldwide equipment supplier to Oil &amp; Gas sector, from Lyon, France to Dubai. Rhenus completed the transport in just 18 days, combining road and ferry services via Trieste (Italy) and Mersin (T\u00fcrkiye), before routing the cargo through Jordan into the UAE.<\/p>\n<p>A cross-stuffing operation in Jordan ensured compliance with regional transport requirements and enabled a smooth transition to a GCC-registered vehicle for final delivery. The shipment was completed well within the required timeframe, preventing disruption at the customer\u2019s production site.<\/p>\n<p>By combining regional expertise with an integrated logistics approach, Rhenus is enabling customers to maintain stable supply chains despite ongoing uncertainty. The activation of the Jordan corridor reflects a broader shift in logistics strategies, where resilience, flexibility and control are becoming key priorities.<\/p>\n<p>\u201cCustomers are increasingly looking for reliable alternatives as traditional routes face growing pressure,\u201d said Habeeb Kunhipurayil, Regional Manager Air &amp; Ocean &#8211; Middle East at Rhenus. \u201cBy establishing this corridor, we are able to offer a stable and scalable solution that keeps goods moving between Europe and the Middle East, even under challenging conditions.\u201d  <\/p>\n<p>\u201cIn a more complex logistics environment, customers need partners who can provide stability, transparency and well-coordinated routing options,\u201d said Mert Gedik\u00e7i and Korcan Tu\u011frul Managing Directors of Rhenus T\u00fcrkiye. \u201cT\u00fcrkiye plays a key role as an operational bridge between Europe and the Middle East, and the New Jordan corridor is a practical example of how strong local expertise, cross-border coordination and a reliable partner network help maintain stable transport flows and support customers in securing their supply chains.\u201d <\/p>\n<p>&nbsp;<br \/>\n&nbsp;<br \/>\n<div class=\"pt-cv-wrapper\"><div class=\"pt-cv-view pt-cv-grid pt-cv-colsys\" id=\"pt-cv-view-658c69ac71\"><div data-id=\"pt-cv-page-1\" class=\"pt-cv-page\" data-cvc=\"5\"><div class=\"col-md-2 col-sm-3 col-xs-12 pt-cv-content-item pt-cv-1-col\" ><div class='pt-cv-ifield'><a href=\"https:\/\/projectcargoglobal.com\/?p=23697\" class=\"_self pt-cv-href-thumbnail pt-cv-thumb-default\" target=\"_self\" ><img loading=\"lazy\" decoding=\"async\" width=\"130\" height=\"90\" src=\"https:\/\/i0.wp.com\/projectcargoglobal.com\/wp-content\/uploads\/2026\/09\/PCN-BE-ACCURATE-.jpeg?resize=130%2C90&amp;ssl=1\" class=\"pt-cv-thumbnail\" alt=\"\" srcset=\"https:\/\/i0.wp.com\/projectcargoglobal.com\/wp-content\/uploads\/2026\/09\/PCN-BE-ACCURATE-.jpeg?resize=392%2C272&amp;ssl=1 392w, https:\/\/i0.wp.com\/projectcargoglobal.com\/wp-content\/uploads\/2026\/09\/PCN-BE-ACCURATE-.jpeg?resize=130%2C90&amp;ssl=1 130w, https:\/\/i0.wp.com\/projectcargoglobal.com\/wp-content\/uploads\/2026\/09\/PCN-BE-ACCURATE-.jpeg?zoom=2&amp;resize=130%2C90&amp;ssl=1 260w\" sizes=\"auto, (max-width: 130px) 100vw, 130px\" data-attachment-id=\"23698\" data-permalink=\"https:\/\/projectcargoglobal.com\/?attachment_id=23698\" data-orig-file=\"https:\/\/i0.wp.com\/projectcargoglobal.com\/wp-content\/uploads\/2026\/09\/PCN-BE-ACCURATE-.jpeg?fit=640%2C356&amp;ssl=1\" data-orig-size=\"640,356\" data-comments-opened=\"0\" data-image-meta=\"{&quot;aperture&quot;:&quot;0&quot;,&quot;credit&quot;:&quot;&quot;,&quot;camera&quot;:&quot;&quot;,&quot;caption&quot;:&quot;&quot;,&quot;created_timestamp&quot;:&quot;0&quot;,&quot;copyright&quot;:&quot;&quot;,&quot;focal_length&quot;:&quot;0&quot;,&quot;iso&quot;:&quot;0&quot;,&quot;shutter_speed&quot;:&quot;0&quot;,&quot;title&quot;:&quot;&quot;,&quot;orientation&quot;:&quot;1&quot;}\" data-image-title=\"PCN BE ACCURATE\" data-image-description=\"\" data-image-caption=\"\" data-large-file=\"https:\/\/i0.wp.com\/projectcargoglobal.com\/wp-content\/uploads\/2026\/09\/PCN-BE-ACCURATE-.jpeg?fit=640%2C356&amp;ssl=1\" \/><\/a>\n<h4 class=\"pt-cv-title\"><a href=\"https:\/\/projectcargoglobal.com\/?p=23697\" class=\"_self\" target=\"_self\" >PCN approves BE ACCURATE as new members in Greece<\/a><\/h4><\/div><\/div>\n<div class=\"col-md-2 col-sm-3 col-xs-12 pt-cv-content-item pt-cv-1-col\" ><div class='pt-cv-ifield'><a href=\"https:\/\/projectcargoglobal.com\/?p=23694\" class=\"_self pt-cv-href-thumbnail pt-cv-thumb-default\" target=\"_self\" ><img loading=\"lazy\" decoding=\"async\" width=\"130\" height=\"90\" src=\"https:\/\/i0.wp.com\/projectcargoglobal.com\/wp-content\/uploads\/2026\/09\/Balena-report-project-.jpeg?resize=130%2C90&amp;ssl=1\" class=\"pt-cv-thumbnail\" alt=\"\" srcset=\"https:\/\/i0.wp.com\/projectcargoglobal.com\/wp-content\/uploads\/2026\/09\/Balena-report-project-.jpeg?resize=392%2C272&amp;ssl=1 392w, https:\/\/i0.wp.com\/projectcargoglobal.com\/wp-content\/uploads\/2026\/09\/Balena-report-project-.jpeg?resize=130%2C90&amp;ssl=1 130w, https:\/\/i0.wp.com\/projectcargoglobal.com\/wp-content\/uploads\/2026\/09\/Balena-report-project-.jpeg?zoom=2&amp;resize=130%2C90&amp;ssl=1 260w\" sizes=\"auto, (max-width: 130px) 100vw, 130px\" data-attachment-id=\"23695\" data-permalink=\"https:\/\/projectcargoglobal.com\/?attachment_id=23695\" data-orig-file=\"https:\/\/i0.wp.com\/projectcargoglobal.com\/wp-content\/uploads\/2026\/09\/Balena-report-project-.jpeg?fit=640%2C356&amp;ssl=1\" data-orig-size=\"640,356\" data-comments-opened=\"0\" data-image-meta=\"{&quot;aperture&quot;:&quot;0&quot;,&quot;credit&quot;:&quot;&quot;,&quot;camera&quot;:&quot;&quot;,&quot;caption&quot;:&quot;&quot;,&quot;created_timestamp&quot;:&quot;0&quot;,&quot;copyright&quot;:&quot;&quot;,&quot;focal_length&quot;:&quot;0&quot;,&quot;iso&quot;:&quot;0&quot;,&quot;shutter_speed&quot;:&quot;0&quot;,&quot;title&quot;:&quot;&quot;,&quot;orientation&quot;:&quot;1&quot;}\" data-image-title=\"Balena report project\" data-image-description=\"\" data-image-caption=\"\" data-large-file=\"https:\/\/i0.wp.com\/projectcargoglobal.com\/wp-content\/uploads\/2026\/09\/Balena-report-project-.jpeg?fit=640%2C356&amp;ssl=1\" \/><\/a>\n<h4 class=\"pt-cv-title\"><a href=\"https:\/\/projectcargoglobal.com\/?p=23694\" class=\"_self\" target=\"_self\" >Balena reports another successful project<\/a><\/h4><\/div><\/div>\n<div class=\"col-md-2 col-sm-3 col-xs-12 pt-cv-content-item pt-cv-1-col\" ><div class='pt-cv-ifield'><a href=\"https:\/\/projectcargoglobal.com\/?p=23690\" class=\"_self pt-cv-href-thumbnail pt-cv-thumb-default\" target=\"_self\" ><img loading=\"lazy\" decoding=\"async\" width=\"130\" height=\"90\" src=\"https:\/\/i0.wp.com\/projectcargoglobal.com\/wp-content\/uploads\/2026\/09\/COLI-transformers-.jpeg?resize=130%2C90&amp;ssl=1\" class=\"pt-cv-thumbnail\" alt=\"\" srcset=\"https:\/\/i0.wp.com\/projectcargoglobal.com\/wp-content\/uploads\/2026\/09\/COLI-transformers-.jpeg?resize=392%2C272&amp;ssl=1 392w, https:\/\/i0.wp.com\/projectcargoglobal.com\/wp-content\/uploads\/2026\/09\/COLI-transformers-.jpeg?resize=130%2C90&amp;ssl=1 130w, https:\/\/i0.wp.com\/projectcargoglobal.com\/wp-content\/uploads\/2026\/09\/COLI-transformers-.jpeg?zoom=2&amp;resize=130%2C90&amp;ssl=1 260w\" sizes=\"auto, (max-width: 130px) 100vw, 130px\" data-attachment-id=\"23692\" data-permalink=\"https:\/\/projectcargoglobal.com\/?attachment_id=23692\" data-orig-file=\"https:\/\/i0.wp.com\/projectcargoglobal.com\/wp-content\/uploads\/2026\/09\/COLI-transformers-.jpeg?fit=640%2C356&amp;ssl=1\" data-orig-size=\"640,356\" data-comments-opened=\"0\" data-image-meta=\"{&quot;aperture&quot;:&quot;0&quot;,&quot;credit&quot;:&quot;&quot;,&quot;camera&quot;:&quot;&quot;,&quot;caption&quot;:&quot;&quot;,&quot;created_timestamp&quot;:&quot;0&quot;,&quot;copyright&quot;:&quot;&quot;,&quot;focal_length&quot;:&quot;0&quot;,&quot;iso&quot;:&quot;0&quot;,&quot;shutter_speed&quot;:&quot;0&quot;,&quot;title&quot;:&quot;&quot;,&quot;orientation&quot;:&quot;1&quot;}\" data-image-title=\"COLI transformers\" data-image-description=\"\" data-image-caption=\"\" data-large-file=\"https:\/\/i0.wp.com\/projectcargoglobal.com\/wp-content\/uploads\/2026\/09\/COLI-transformers-.jpeg?fit=640%2C356&amp;ssl=1\" \/><\/a>\n<h4 class=\"pt-cv-title\"><a href=\"https:\/\/projectcargoglobal.com\/?p=23690\" class=\"_self\" target=\"_self\" >COLI Group completes six-month project for GE Vernova<\/a><\/h4><\/div><\/div>\n<div class=\"col-md-2 col-sm-3 col-xs-12 pt-cv-content-item pt-cv-1-col\" ><div class='pt-cv-ifield'><a href=\"https:\/\/projectcargoglobal.com\/?p=23687\" class=\"_self pt-cv-href-thumbnail pt-cv-thumb-default\" target=\"_self\" ><img loading=\"lazy\" decoding=\"async\" width=\"130\" height=\"90\" src=\"https:\/\/i0.wp.com\/projectcargoglobal.com\/wp-content\/uploads\/2026\/09\/DHL-Johann-van-Zyl.jpeg?resize=130%2C90&amp;ssl=1\" class=\"pt-cv-thumbnail\" alt=\"\" srcset=\"https:\/\/i0.wp.com\/projectcargoglobal.com\/wp-content\/uploads\/2026\/09\/DHL-Johann-van-Zyl.jpeg?resize=392%2C272&amp;ssl=1 392w, https:\/\/i0.wp.com\/projectcargoglobal.com\/wp-content\/uploads\/2026\/09\/DHL-Johann-van-Zyl.jpeg?resize=130%2C90&amp;ssl=1 130w, https:\/\/i0.wp.com\/projectcargoglobal.com\/wp-content\/uploads\/2026\/09\/DHL-Johann-van-Zyl.jpeg?zoom=2&amp;resize=130%2C90&amp;ssl=1 260w\" sizes=\"auto, (max-width: 130px) 100vw, 130px\" data-attachment-id=\"23688\" data-permalink=\"https:\/\/projectcargoglobal.com\/?attachment_id=23688\" data-orig-file=\"https:\/\/i0.wp.com\/projectcargoglobal.com\/wp-content\/uploads\/2026\/09\/DHL-Johann-van-Zyl.jpeg?fit=640%2C356&amp;ssl=1\" data-orig-size=\"640,356\" data-comments-opened=\"0\" data-image-meta=\"{&quot;aperture&quot;:&quot;0&quot;,&quot;credit&quot;:&quot;&quot;,&quot;camera&quot;:&quot;&quot;,&quot;caption&quot;:&quot;&quot;,&quot;created_timestamp&quot;:&quot;0&quot;,&quot;copyright&quot;:&quot;&quot;,&quot;focal_length&quot;:&quot;0&quot;,&quot;iso&quot;:&quot;0&quot;,&quot;shutter_speed&quot;:&quot;0&quot;,&quot;title&quot;:&quot;&quot;,&quot;orientation&quot;:&quot;1&quot;}\" data-image-title=\"DHL Johann van Zyl\" data-image-description=\"\" data-image-caption=\"\" data-large-file=\"https:\/\/i0.wp.com\/projectcargoglobal.com\/wp-content\/uploads\/2026\/09\/DHL-Johann-van-Zyl.jpeg?fit=640%2C356&amp;ssl=1\" \/><\/a>\n<h4 class=\"pt-cv-title\"><a href=\"https:\/\/projectcargoglobal.com\/?p=23687\" class=\"_self\" target=\"_self\" >Johann van Zyl joins DHL Global Forwarding<\/a><\/h4><\/div><\/div>\n<div class=\"col-md-4 col-sm-3 col-xs-12 pt-cv-content-item pt-cv-1-col\" ><div class='pt-cv-ifield'><a href=\"https:\/\/projectcargoglobal.com\/?p=23668\" class=\"_self pt-cv-href-thumbnail pt-cv-thumb-default\" target=\"_self\" ><img loading=\"lazy\" decoding=\"async\" width=\"130\" height=\"90\" src=\"https:\/\/i0.wp.com\/projectcargoglobal.com\/wp-content\/uploads\/2026\/08\/Hoegh-6-Aurora-.jpg?resize=130%2C90&amp;ssl=1\" class=\"pt-cv-thumbnail\" alt=\"\" srcset=\"https:\/\/i0.wp.com\/projectcargoglobal.com\/wp-content\/uploads\/2026\/08\/Hoegh-6-Aurora-.jpg?resize=392%2C272&amp;ssl=1 392w, https:\/\/i0.wp.com\/projectcargoglobal.com\/wp-content\/uploads\/2026\/08\/Hoegh-6-Aurora-.jpg?resize=130%2C90&amp;ssl=1 130w, https:\/\/i0.wp.com\/projectcargoglobal.com\/wp-content\/uploads\/2026\/08\/Hoegh-6-Aurora-.jpg?zoom=2&amp;resize=130%2C90&amp;ssl=1 260w\" sizes=\"auto, (max-width: 130px) 100vw, 130px\" data-attachment-id=\"23639\" data-permalink=\"https:\/\/projectcargoglobal.com\/?attachment_id=23639\" data-orig-file=\"https:\/\/i0.wp.com\/projectcargoglobal.com\/wp-content\/uploads\/2026\/08\/Hoegh-6-Aurora-.jpg?fit=640%2C356&amp;ssl=1\" data-orig-size=\"640,356\" data-comments-opened=\"0\" data-image-meta=\"{&quot;aperture&quot;:&quot;0&quot;,&quot;credit&quot;:&quot;&quot;,&quot;camera&quot;:&quot;&quot;,&quot;caption&quot;:&quot;&quot;,&quot;created_timestamp&quot;:&quot;0&quot;,&quot;copyright&quot;:&quot;&quot;,&quot;focal_length&quot;:&quot;0&quot;,&quot;iso&quot;:&quot;0&quot;,&quot;shutter_speed&quot;:&quot;0&quot;,&quot;title&quot;:&quot;&quot;,&quot;orientation&quot;:&quot;1&quot;}\" data-image-title=\"Hoegh 6 Aurora\" data-image-description=\"\" data-image-caption=\"\" data-large-file=\"https:\/\/i0.wp.com\/projectcargoglobal.com\/wp-content\/uploads\/2026\/08\/Hoegh-6-Aurora-.jpg?fit=640%2C356&amp;ssl=1\" \/><\/a>\n<h4 class=\"pt-cv-title\"><a href=\"https:\/\/projectcargoglobal.com\/?p=23668\" class=\"_self\" target=\"_self\" >Hoegh signs contract with SGM Technology<\/a><\/h4><\/div><\/div>\n<div class=\"col-md-2 col-sm-3 col-xs-12 pt-cv-content-item pt-cv-1-col\" ><div class='pt-cv-ifield'><a href=\"https:\/\/projectcargoglobal.com\/?p=23678\" class=\"_self pt-cv-href-thumbnail pt-cv-thumb-default\" target=\"_self\" ><img loading=\"lazy\" decoding=\"async\" width=\"130\" height=\"90\" src=\"https:\/\/i0.wp.com\/projectcargoglobal.com\/wp-content\/uploads\/2026\/03\/K-LINE-Sumitomo-.jpg?resize=130%2C90&amp;ssl=1\" class=\"pt-cv-thumbnail\" alt=\"\" srcset=\"https:\/\/i0.wp.com\/projectcargoglobal.com\/wp-content\/uploads\/2026\/03\/K-LINE-Sumitomo-.jpg?resize=392%2C272&amp;ssl=1 392w, https:\/\/i0.wp.com\/projectcargoglobal.com\/wp-content\/uploads\/2026\/03\/K-LINE-Sumitomo-.jpg?resize=130%2C90&amp;ssl=1 130w, https:\/\/i0.wp.com\/projectcargoglobal.com\/wp-content\/uploads\/2026\/03\/K-LINE-Sumitomo-.jpg?zoom=2&amp;resize=130%2C90&amp;ssl=1 260w\" sizes=\"auto, (max-width: 130px) 100vw, 130px\" data-attachment-id=\"22723\" data-permalink=\"https:\/\/projectcargoglobal.com\/?attachment_id=22723\" data-orig-file=\"https:\/\/i0.wp.com\/projectcargoglobal.com\/wp-content\/uploads\/2026\/03\/K-LINE-Sumitomo-.jpg?fit=640%2C356&amp;ssl=1\" data-orig-size=\"640,356\" data-comments-opened=\"0\" data-image-meta=\"{&quot;aperture&quot;:&quot;0&quot;,&quot;credit&quot;:&quot;&quot;,&quot;camera&quot;:&quot;&quot;,&quot;caption&quot;:&quot;Screenshot&quot;,&quot;created_timestamp&quot;:&quot;0&quot;,&quot;copyright&quot;:&quot;&quot;,&quot;focal_length&quot;:&quot;0&quot;,&quot;iso&quot;:&quot;0&quot;,&quot;shutter_speed&quot;:&quot;0&quot;,&quot;title&quot;:&quot;Screenshot&quot;,&quot;orientation&quot;:&quot;1&quot;}\" data-image-title=\"Screenshot\" data-image-description=\"\" data-image-caption=\"&lt;p&gt;Screenshot&lt;\/p&gt;\n\" data-large-file=\"https:\/\/i0.wp.com\/projectcargoglobal.com\/wp-content\/uploads\/2026\/03\/K-LINE-Sumitomo-.jpg?fit=640%2C356&amp;ssl=1\" \/><\/a>\n<h4 class=\"pt-cv-title\"><a href=\"https:\/\/projectcargoglobal.com\/?p=23678\" class=\"_self\" target=\"_self\" >&#8220;K&#8221; LINE signs agreements with NIHON SHIPYARD<\/a><\/h4><\/div><\/div>\n<div class=\"col-md-2 col-sm-3 col-xs-12 pt-cv-content-item pt-cv-1-col\" ><div class='pt-cv-ifield'><a href=\"https:\/\/projectcargoglobal.com\/?p=23674\" class=\"_self pt-cv-href-thumbnail pt-cv-thumb-default\" target=\"_self\" ><img loading=\"lazy\" decoding=\"async\" width=\"130\" height=\"90\" src=\"https:\/\/i0.wp.com\/projectcargoglobal.com\/wp-content\/uploads\/2026\/09\/Bertling-challenging-movement-.jpg?resize=130%2C90&amp;ssl=1\" class=\"pt-cv-thumbnail\" alt=\"\" srcset=\"https:\/\/i0.wp.com\/projectcargoglobal.com\/wp-content\/uploads\/2026\/09\/Bertling-challenging-movement-.jpg?resize=392%2C272&amp;ssl=1 392w, https:\/\/i0.wp.com\/projectcargoglobal.com\/wp-content\/uploads\/2026\/09\/Bertling-challenging-movement-.jpg?resize=130%2C90&amp;ssl=1 130w, https:\/\/i0.wp.com\/projectcargoglobal.com\/wp-content\/uploads\/2026\/09\/Bertling-challenging-movement-.jpg?zoom=2&amp;resize=130%2C90&amp;ssl=1 260w\" sizes=\"auto, (max-width: 130px) 100vw, 130px\" data-attachment-id=\"23675\" data-permalink=\"https:\/\/projectcargoglobal.com\/?attachment_id=23675\" data-orig-file=\"https:\/\/i0.wp.com\/projectcargoglobal.com\/wp-content\/uploads\/2026\/09\/Bertling-challenging-movement-.jpg?fit=640%2C356&amp;ssl=1\" data-orig-size=\"640,356\" data-comments-opened=\"0\" data-image-meta=\"{&quot;aperture&quot;:&quot;0&quot;,&quot;credit&quot;:&quot;&quot;,&quot;camera&quot;:&quot;&quot;,&quot;caption&quot;:&quot;&quot;,&quot;created_timestamp&quot;:&quot;0&quot;,&quot;copyright&quot;:&quot;&quot;,&quot;focal_length&quot;:&quot;0&quot;,&quot;iso&quot;:&quot;0&quot;,&quot;shutter_speed&quot;:&quot;0&quot;,&quot;title&quot;:&quot;&quot;,&quot;orientation&quot;:&quot;1&quot;}\" data-image-title=\"Bertling challenging movement\" data-image-description=\"\" data-image-caption=\"\" data-large-file=\"https:\/\/i0.wp.com\/projectcargoglobal.com\/wp-content\/uploads\/2026\/09\/Bertling-challenging-movement-.jpg?fit=640%2C356&amp;ssl=1\" \/><\/a>\n<h4 class=\"pt-cv-title\"><a href=\"https:\/\/projectcargoglobal.com\/?p=23674\" class=\"_self\" target=\"_self\" >Bertling takes on challenging movement<\/a><\/h4><\/div><\/div>\n<div class=\"col-md-2 col-sm-3 col-xs-12 pt-cv-content-item pt-cv-1-col\" ><div class='pt-cv-ifield'><a href=\"https:\/\/projectcargoglobal.com\/?p=23671\" class=\"_self pt-cv-href-thumbnail pt-cv-thumb-default\" target=\"_self\" ><img loading=\"lazy\" decoding=\"async\" width=\"130\" height=\"90\" src=\"https:\/\/i0.wp.com\/projectcargoglobal.com\/wp-content\/uploads\/2026\/09\/Sarens-military-vessel-.jpeg?resize=130%2C90&amp;ssl=1\" class=\"pt-cv-thumbnail\" alt=\"\" srcset=\"https:\/\/i0.wp.com\/projectcargoglobal.com\/wp-content\/uploads\/2026\/09\/Sarens-military-vessel-.jpeg?resize=392%2C272&amp;ssl=1 392w, https:\/\/i0.wp.com\/projectcargoglobal.com\/wp-content\/uploads\/2026\/09\/Sarens-military-vessel-.jpeg?resize=130%2C90&amp;ssl=1 130w, https:\/\/i0.wp.com\/projectcargoglobal.com\/wp-content\/uploads\/2026\/09\/Sarens-military-vessel-.jpeg?zoom=2&amp;resize=130%2C90&amp;ssl=1 260w\" sizes=\"auto, (max-width: 130px) 100vw, 130px\" data-attachment-id=\"23672\" data-permalink=\"https:\/\/projectcargoglobal.com\/?attachment_id=23672\" data-orig-file=\"https:\/\/i0.wp.com\/projectcargoglobal.com\/wp-content\/uploads\/2026\/09\/Sarens-military-vessel-.jpeg?fit=640%2C356&amp;ssl=1\" data-orig-size=\"640,356\" data-comments-opened=\"0\" data-image-meta=\"{&quot;aperture&quot;:&quot;0&quot;,&quot;credit&quot;:&quot;&quot;,&quot;camera&quot;:&quot;&quot;,&quot;caption&quot;:&quot;&quot;,&quot;created_timestamp&quot;:&quot;1777458255&quot;,&quot;copyright&quot;:&quot;&quot;,&quot;focal_length&quot;:&quot;0&quot;,&quot;iso&quot;:&quot;0&quot;,&quot;shutter_speed&quot;:&quot;0&quot;,&quot;title&quot;:&quot;&quot;,&quot;orientation&quot;:&quot;1&quot;}\" data-image-title=\"Sarens military vessel\" data-image-description=\"\" data-image-caption=\"\" data-large-file=\"https:\/\/i0.wp.com\/projectcargoglobal.com\/wp-content\/uploads\/2026\/09\/Sarens-military-vessel-.jpeg?fit=640%2C356&amp;ssl=1\" \/><\/a>\n<h4 class=\"pt-cv-title\"><a href=\"https:\/\/projectcargoglobal.com\/?p=23671\" class=\"_self\" target=\"_self\" >Sarens transports military vessel in Kazakhstan<\/a><\/h4><\/div><\/div>\n<div class=\"col-md-2 col-sm-3 col-xs-12 pt-cv-content-item pt-cv-1-col\" ><div class='pt-cv-ifield'><a href=\"https:\/\/projectcargoglobal.com\/?p=23665\" class=\"_self pt-cv-href-thumbnail pt-cv-thumb-default\" target=\"_self\" ><img loading=\"lazy\" decoding=\"async\" width=\"130\" height=\"90\" src=\"https:\/\/i0.wp.com\/projectcargoglobal.com\/wp-content\/uploads\/2026\/09\/EZ-LINK-ACS-.jpeg?resize=130%2C90&amp;ssl=1\" class=\"pt-cv-thumbnail\" alt=\"\" srcset=\"https:\/\/i0.wp.com\/projectcargoglobal.com\/wp-content\/uploads\/2026\/09\/EZ-LINK-ACS-.jpeg?resize=392%2C272&amp;ssl=1 392w, https:\/\/i0.wp.com\/projectcargoglobal.com\/wp-content\/uploads\/2026\/09\/EZ-LINK-ACS-.jpeg?resize=130%2C90&amp;ssl=1 130w, https:\/\/i0.wp.com\/projectcargoglobal.com\/wp-content\/uploads\/2026\/09\/EZ-LINK-ACS-.jpeg?zoom=2&amp;resize=130%2C90&amp;ssl=1 260w\" sizes=\"auto, (max-width: 130px) 100vw, 130px\" data-attachment-id=\"23666\" data-permalink=\"https:\/\/projectcargoglobal.com\/?attachment_id=23666\" data-orig-file=\"https:\/\/i0.wp.com\/projectcargoglobal.com\/wp-content\/uploads\/2026\/09\/EZ-LINK-ACS-.jpeg?fit=640%2C356&amp;ssl=1\" data-orig-size=\"640,356\" data-comments-opened=\"0\" data-image-meta=\"{&quot;aperture&quot;:&quot;0&quot;,&quot;credit&quot;:&quot;&quot;,&quot;camera&quot;:&quot;&quot;,&quot;caption&quot;:&quot;&quot;,&quot;created_timestamp&quot;:&quot;0&quot;,&quot;copyright&quot;:&quot;&quot;,&quot;focal_length&quot;:&quot;0&quot;,&quot;iso&quot;:&quot;0&quot;,&quot;shutter_speed&quot;:&quot;0&quot;,&quot;title&quot;:&quot;&quot;,&quot;orientation&quot;:&quot;1&quot;}\" data-image-title=\"EZ LINK ACS\" data-image-description=\"\" data-image-caption=\"\" data-large-file=\"https:\/\/i0.wp.com\/projectcargoglobal.com\/wp-content\/uploads\/2026\/09\/EZ-LINK-ACS-.jpeg?fit=640%2C356&amp;ssl=1\" \/><\/a>\n<h4 class=\"pt-cv-title\"><a href=\"https:\/\/projectcargoglobal.com\/?p=23665\" class=\"_self\" target=\"_self\" >EZ Link and ACS cooperate to handle rail vehicles<\/a><\/h4><\/div><\/div>\n<div class=\"col-md-4 col-sm-3 col-xs-12 pt-cv-content-item pt-cv-1-col\" ><div class='pt-cv-ifield'><a href=\"https:\/\/projectcargoglobal.com\/?p=23661\" class=\"_self pt-cv-href-thumbnail pt-cv-thumb-default\" target=\"_self\" ><img loading=\"lazy\" decoding=\"async\" width=\"130\" height=\"90\" src=\"https:\/\/i0.wp.com\/projectcargoglobal.com\/wp-content\/uploads\/2026\/09\/Mammoet-Japan-strengthens-.jpg?resize=130%2C90&amp;ssl=1\" class=\"pt-cv-thumbnail\" alt=\"\" srcset=\"https:\/\/i0.wp.com\/projectcargoglobal.com\/wp-content\/uploads\/2026\/09\/Mammoet-Japan-strengthens-.jpg?resize=392%2C272&amp;ssl=1 392w, https:\/\/i0.wp.com\/projectcargoglobal.com\/wp-content\/uploads\/2026\/09\/Mammoet-Japan-strengthens-.jpg?resize=130%2C90&amp;ssl=1 130w, https:\/\/i0.wp.com\/projectcargoglobal.com\/wp-content\/uploads\/2026\/09\/Mammoet-Japan-strengthens-.jpg?zoom=2&amp;resize=130%2C90&amp;ssl=1 260w\" sizes=\"auto, (max-width: 130px) 100vw, 130px\" data-attachment-id=\"23662\" data-permalink=\"https:\/\/projectcargoglobal.com\/?attachment_id=23662\" data-orig-file=\"https:\/\/i0.wp.com\/projectcargoglobal.com\/wp-content\/uploads\/2026\/09\/Mammoet-Japan-strengthens-.jpg?fit=640%2C356&amp;ssl=1\" data-orig-size=\"640,356\" data-comments-opened=\"0\" data-image-meta=\"{&quot;aperture&quot;:&quot;0&quot;,&quot;credit&quot;:&quot;&quot;,&quot;camera&quot;:&quot;&quot;,&quot;caption&quot;:&quot;&quot;,&quot;created_timestamp&quot;:&quot;0&quot;,&quot;copyright&quot;:&quot;&quot;,&quot;focal_length&quot;:&quot;0&quot;,&quot;iso&quot;:&quot;0&quot;,&quot;shutter_speed&quot;:&quot;0&quot;,&quot;title&quot;:&quot;&quot;,&quot;orientation&quot;:&quot;1&quot;}\" data-image-title=\"Mammoet Japan strengthens\" data-image-description=\"\" data-image-caption=\"\" data-large-file=\"https:\/\/i0.wp.com\/projectcargoglobal.com\/wp-content\/uploads\/2026\/09\/Mammoet-Japan-strengthens-.jpg?fit=640%2C356&amp;ssl=1\" \/><\/a>\n<h4 class=\"pt-cv-title\"><a href=\"https:\/\/projectcargoglobal.com\/?p=23661\" class=\"_self\" target=\"_self\" >Mammoet strengthens presence in Japan<\/a><\/h4><\/div><\/div>\n<div class=\"col-md-2 col-sm-3 col-xs-12 pt-cv-content-item pt-cv-1-col\" ><div class='pt-cv-ifield'><a href=\"https:\/\/projectcargoglobal.com\/?p=23658\" class=\"_self pt-cv-href-thumbnail pt-cv-thumb-default\" target=\"_self\" ><img loading=\"lazy\" decoding=\"async\" width=\"130\" height=\"90\" src=\"https:\/\/i0.wp.com\/projectcargoglobal.com\/wp-content\/uploads\/2026\/09\/TU-Eindhoven-.jpeg?resize=130%2C90&amp;ssl=1\" class=\"pt-cv-thumbnail\" alt=\"\" srcset=\"https:\/\/i0.wp.com\/projectcargoglobal.com\/wp-content\/uploads\/2026\/09\/TU-Eindhoven-.jpeg?resize=392%2C272&amp;ssl=1 392w, https:\/\/i0.wp.com\/projectcargoglobal.com\/wp-content\/uploads\/2026\/09\/TU-Eindhoven-.jpeg?resize=130%2C90&amp;ssl=1 130w, https:\/\/i0.wp.com\/projectcargoglobal.com\/wp-content\/uploads\/2026\/09\/TU-Eindhoven-.jpeg?zoom=2&amp;resize=130%2C90&amp;ssl=1 260w\" sizes=\"auto, (max-width: 130px) 100vw, 130px\" data-attachment-id=\"23659\" data-permalink=\"https:\/\/projectcargoglobal.com\/?attachment_id=23659\" data-orig-file=\"https:\/\/i0.wp.com\/projectcargoglobal.com\/wp-content\/uploads\/2026\/09\/TU-Eindhoven-.jpeg?fit=640%2C356&amp;ssl=1\" data-orig-size=\"640,356\" data-comments-opened=\"0\" data-image-meta=\"{&quot;aperture&quot;:&quot;0&quot;,&quot;credit&quot;:&quot;&quot;,&quot;camera&quot;:&quot;&quot;,&quot;caption&quot;:&quot;&quot;,&quot;created_timestamp&quot;:&quot;0&quot;,&quot;copyright&quot;:&quot;&quot;,&quot;focal_length&quot;:&quot;0&quot;,&quot;iso&quot;:&quot;0&quot;,&quot;shutter_speed&quot;:&quot;0&quot;,&quot;title&quot;:&quot;&quot;,&quot;orientation&quot;:&quot;1&quot;}\" data-image-title=\"TU Eindhoven\" data-image-description=\"\" data-image-caption=\"\" data-large-file=\"https:\/\/i0.wp.com\/projectcargoglobal.com\/wp-content\/uploads\/2026\/09\/TU-Eindhoven-.jpeg?fit=640%2C356&amp;ssl=1\" \/><\/a>\n<h4 class=\"pt-cv-title\"><a href=\"https:\/\/projectcargoglobal.com\/?p=23658\" class=\"_self\" target=\"_self\" >Students from TU Eindhoven tests Stella Juva<\/a><\/h4><\/div><\/div>\n<div class=\"col-md-2 col-sm-3 col-xs-12 pt-cv-content-item pt-cv-1-col\" ><div class='pt-cv-ifield'><a href=\"https:\/\/projectcargoglobal.com\/?p=23651\" class=\"_self pt-cv-href-thumbnail pt-cv-thumb-default\" target=\"_self\" ><img loading=\"lazy\" decoding=\"async\" width=\"130\" height=\"90\" src=\"https:\/\/i0.wp.com\/projectcargoglobal.com\/wp-content\/uploads\/2026\/08\/Total-Movements-executes-Mozambique.jpeg?resize=130%2C90&amp;ssl=1\" class=\"pt-cv-thumbnail\" alt=\"\" srcset=\"https:\/\/i0.wp.com\/projectcargoglobal.com\/wp-content\/uploads\/2026\/08\/Total-Movements-executes-Mozambique.jpeg?resize=392%2C272&amp;ssl=1 392w, https:\/\/i0.wp.com\/projectcargoglobal.com\/wp-content\/uploads\/2026\/08\/Total-Movements-executes-Mozambique.jpeg?resize=130%2C90&amp;ssl=1 130w, https:\/\/i0.wp.com\/projectcargoglobal.com\/wp-content\/uploads\/2026\/08\/Total-Movements-executes-Mozambique.jpeg?zoom=2&amp;resize=130%2C90&amp;ssl=1 260w\" sizes=\"auto, (max-width: 130px) 100vw, 130px\" data-attachment-id=\"23652\" data-permalink=\"https:\/\/projectcargoglobal.com\/?attachment_id=23652\" data-orig-file=\"https:\/\/i0.wp.com\/projectcargoglobal.com\/wp-content\/uploads\/2026\/08\/Total-Movements-executes-Mozambique.jpeg?fit=640%2C356&amp;ssl=1\" data-orig-size=\"640,356\" data-comments-opened=\"0\" data-image-meta=\"{&quot;aperture&quot;:&quot;0&quot;,&quot;credit&quot;:&quot;&quot;,&quot;camera&quot;:&quot;&quot;,&quot;caption&quot;:&quot;&quot;,&quot;created_timestamp&quot;:&quot;0&quot;,&quot;copyright&quot;:&quot;&quot;,&quot;focal_length&quot;:&quot;0&quot;,&quot;iso&quot;:&quot;0&quot;,&quot;shutter_speed&quot;:&quot;0&quot;,&quot;title&quot;:&quot;&quot;,&quot;orientation&quot;:&quot;1&quot;}\" data-image-title=\"Total Movements executes Mozambique\" data-image-description=\"\" data-image-caption=\"\" data-large-file=\"https:\/\/i0.wp.com\/projectcargoglobal.com\/wp-content\/uploads\/2026\/08\/Total-Movements-executes-Mozambique.jpeg?fit=640%2C356&amp;ssl=1\" \/><\/a>\n<h4 class=\"pt-cv-title\"><a href=\"https:\/\/projectcargoglobal.com\/?p=23651\" class=\"_self\" target=\"_self\" >Total Movements executes movement to Mozambique<\/a><\/h4><\/div><\/div>\n<div class=\"col-md-2 col-sm-3 col-xs-12 pt-cv-content-item pt-cv-1-col\" ><div class='pt-cv-ifield'><a href=\"https:\/\/projectcargoglobal.com\/?p=23648\" class=\"_self pt-cv-href-thumbnail pt-cv-thumb-default\" target=\"_self\" ><img loading=\"lazy\" decoding=\"async\" width=\"130\" height=\"90\" src=\"https:\/\/i0.wp.com\/projectcargoglobal.com\/wp-content\/uploads\/2026\/08\/Hiab-stone-laid-.jpg?resize=130%2C90&amp;ssl=1\" class=\"pt-cv-thumbnail\" alt=\"\" srcset=\"https:\/\/i0.wp.com\/projectcargoglobal.com\/wp-content\/uploads\/2026\/08\/Hiab-stone-laid-.jpg?resize=392%2C272&amp;ssl=1 392w, https:\/\/i0.wp.com\/projectcargoglobal.com\/wp-content\/uploads\/2026\/08\/Hiab-stone-laid-.jpg?resize=130%2C90&amp;ssl=1 130w, https:\/\/i0.wp.com\/projectcargoglobal.com\/wp-content\/uploads\/2026\/08\/Hiab-stone-laid-.jpg?zoom=2&amp;resize=130%2C90&amp;ssl=1 260w\" sizes=\"auto, (max-width: 130px) 100vw, 130px\" data-attachment-id=\"23649\" data-permalink=\"https:\/\/projectcargoglobal.com\/?attachment_id=23649\" data-orig-file=\"https:\/\/i0.wp.com\/projectcargoglobal.com\/wp-content\/uploads\/2026\/08\/Hiab-stone-laid-.jpg?fit=640%2C356&amp;ssl=1\" data-orig-size=\"640,356\" data-comments-opened=\"0\" data-image-meta=\"{&quot;aperture&quot;:&quot;0&quot;,&quot;credit&quot;:&quot;&quot;,&quot;camera&quot;:&quot;&quot;,&quot;caption&quot;:&quot;&quot;,&quot;created_timestamp&quot;:&quot;0&quot;,&quot;copyright&quot;:&quot;&quot;,&quot;focal_length&quot;:&quot;0&quot;,&quot;iso&quot;:&quot;0&quot;,&quot;shutter_speed&quot;:&quot;0&quot;,&quot;title&quot;:&quot;&quot;,&quot;orientation&quot;:&quot;1&quot;}\" data-image-title=\"Hiab stone laid\" data-image-description=\"\" data-image-caption=\"\" data-large-file=\"https:\/\/i0.wp.com\/projectcargoglobal.com\/wp-content\/uploads\/2026\/08\/Hiab-stone-laid-.jpg?fit=640%2C356&amp;ssl=1\" \/><\/a>\n<h4 class=\"pt-cv-title\"><a href=\"https:\/\/projectcargoglobal.com\/?p=23648\" class=\"_self\" target=\"_self\" >Foundation stone laid at Hiab&#8217;s facility in Raisio<\/a><\/h4><\/div><\/div>\n<div class=\"col-md-2 col-sm-3 col-xs-12 pt-cv-content-item pt-cv-1-col\" ><div class='pt-cv-ifield'><a href=\"https:\/\/projectcargoglobal.com\/?p=23645\" class=\"_self pt-cv-href-thumbnail pt-cv-thumb-default\" target=\"_self\" ><img loading=\"lazy\" decoding=\"async\" width=\"130\" height=\"90\" src=\"https:\/\/i0.wp.com\/projectcargoglobal.com\/wp-content\/uploads\/2026\/08\/Briggs-apprenticeship-.jpg?resize=130%2C90&amp;ssl=1\" class=\"pt-cv-thumbnail\" alt=\"\" srcset=\"https:\/\/i0.wp.com\/projectcargoglobal.com\/wp-content\/uploads\/2026\/08\/Briggs-apprenticeship-.jpg?resize=392%2C272&amp;ssl=1 392w, https:\/\/i0.wp.com\/projectcargoglobal.com\/wp-content\/uploads\/2026\/08\/Briggs-apprenticeship-.jpg?resize=130%2C90&amp;ssl=1 130w, https:\/\/i0.wp.com\/projectcargoglobal.com\/wp-content\/uploads\/2026\/08\/Briggs-apprenticeship-.jpg?zoom=2&amp;resize=130%2C90&amp;ssl=1 260w\" sizes=\"auto, (max-width: 130px) 100vw, 130px\" data-attachment-id=\"23646\" data-permalink=\"https:\/\/projectcargoglobal.com\/?attachment_id=23646\" data-orig-file=\"https:\/\/i0.wp.com\/projectcargoglobal.com\/wp-content\/uploads\/2026\/08\/Briggs-apprenticeship-.jpg?fit=640%2C356&amp;ssl=1\" data-orig-size=\"640,356\" data-comments-opened=\"0\" data-image-meta=\"{&quot;aperture&quot;:&quot;0&quot;,&quot;credit&quot;:&quot;&quot;,&quot;camera&quot;:&quot;&quot;,&quot;caption&quot;:&quot;&quot;,&quot;created_timestamp&quot;:&quot;0&quot;,&quot;copyright&quot;:&quot;&quot;,&quot;focal_length&quot;:&quot;0&quot;,&quot;iso&quot;:&quot;0&quot;,&quot;shutter_speed&quot;:&quot;0&quot;,&quot;title&quot;:&quot;&quot;,&quot;orientation&quot;:&quot;1&quot;}\" data-image-title=\"Briggs apprenticeship\" data-image-description=\"\" data-image-caption=\"\" data-large-file=\"https:\/\/i0.wp.com\/projectcargoglobal.com\/wp-content\/uploads\/2026\/08\/Briggs-apprenticeship-.jpg?fit=640%2C356&amp;ssl=1\" \/><\/a>\n<h4 class=\"pt-cv-title\"><a href=\"https:\/\/projectcargoglobal.com\/?p=23645\" class=\"_self\" target=\"_self\" >Apprentice Raqeem shares journey at Briggs<\/a><\/h4><\/div><\/div>\n<div class=\"col-md-4 col-sm-3 col-xs-12 pt-cv-content-item pt-cv-1-col\" ><div class='pt-cv-ifield'><a href=\"https:\/\/projectcargoglobal.com\/?p=23635\" class=\"_self pt-cv-href-thumbnail pt-cv-thumb-default\" target=\"_self\" ><img loading=\"lazy\" decoding=\"async\" width=\"130\" height=\"90\" src=\"https:\/\/i0.wp.com\/projectcargoglobal.com\/wp-content\/uploads\/2026\/08\/Mammoet-ISO-19443.jpeg?resize=130%2C90&amp;ssl=1\" class=\"pt-cv-thumbnail\" alt=\"\" srcset=\"https:\/\/i0.wp.com\/projectcargoglobal.com\/wp-content\/uploads\/2026\/08\/Mammoet-ISO-19443.jpeg?resize=392%2C272&amp;ssl=1 392w, https:\/\/i0.wp.com\/projectcargoglobal.com\/wp-content\/uploads\/2026\/08\/Mammoet-ISO-19443.jpeg?resize=130%2C90&amp;ssl=1 130w, https:\/\/i0.wp.com\/projectcargoglobal.com\/wp-content\/uploads\/2026\/08\/Mammoet-ISO-19443.jpeg?zoom=2&amp;resize=130%2C90&amp;ssl=1 260w\" sizes=\"auto, (max-width: 130px) 100vw, 130px\" data-attachment-id=\"23636\" data-permalink=\"https:\/\/projectcargoglobal.com\/?attachment_id=23636\" data-orig-file=\"https:\/\/i0.wp.com\/projectcargoglobal.com\/wp-content\/uploads\/2026\/08\/Mammoet-ISO-19443.jpeg?fit=640%2C356&amp;ssl=1\" data-orig-size=\"640,356\" data-comments-opened=\"0\" data-image-meta=\"{&quot;aperture&quot;:&quot;0&quot;,&quot;credit&quot;:&quot;&quot;,&quot;camera&quot;:&quot;&quot;,&quot;caption&quot;:&quot;&quot;,&quot;created_timestamp&quot;:&quot;0&quot;,&quot;copyright&quot;:&quot;&quot;,&quot;focal_length&quot;:&quot;0&quot;,&quot;iso&quot;:&quot;0&quot;,&quot;shutter_speed&quot;:&quot;0&quot;,&quot;title&quot;:&quot;&quot;,&quot;orientation&quot;:&quot;1&quot;}\" data-image-title=\"Mammoet ISO 19443\" data-image-description=\"\" data-image-caption=\"\" data-large-file=\"https:\/\/i0.wp.com\/projectcargoglobal.com\/wp-content\/uploads\/2026\/08\/Mammoet-ISO-19443.jpeg?fit=640%2C356&amp;ssl=1\" \/><\/a>\n<h4 class=\"pt-cv-title\"><a href=\"https:\/\/projectcargoglobal.com\/?p=23635\" class=\"_self\" target=\"_self\" >Mammoet becomes first to achieve ISO 19443<\/a><\/h4><\/div><\/div><\/div><\/div><\/div> <\/p>\n","protected":false},"excerpt":{"rendered":"<p>As ongoing regional challenges continue to disrupt traditional logistics routes between Europe and the Middle East, Rhenus has activated a<\/p>\n","protected":false},"author":9,"featured_media":23090,"comment_status":"closed","ping_status":"closed","sticky":false,"template":"","format":"standard","meta":{"colormag_page_container_layout":"default_layout","colormag_page_sidebar_layout":"default_layout","_jetpack_newsletter_access":"","_jetpack_dont_email_post_to_subs":false,"_jetpack_newsletter_tier_id":0,"_jetpack_memberships_contains_paywalled_content":false,"_jetpack_feature_clip_id":0,"_jetpack_memberships_contains_paid_content":false,"footnotes":"","jetpack_publicize_message":"","jetpack_publicize_feature_enabled":true,"jetpack_social_post_already_shared":true,"jetpack_social_options":{"image_generator_settings":{"template":"highway","default_image_id":0,"font":"","enabled":false},"version":2},"jetpack_post_was_ever_published":false},"categories":[4],"tags":[519],"class_list":["post-23089","post","type-post","status-publish","format-standard","has-post-thumbnail","hentry","category-latest-news","tag-rhenus"],"jetpack_publicize_connections":[],"jetpack_sharing_enabled":true,"jetpack_shortlink":"https:\/\/wp.me\/paPyrk-60p","jetpack-related-posts":[{"id":22730,"url":"https:\/\/projectcargoglobal.com\/?p=22730","url_meta":{"origin":23089,"position":0},"title":"Rhenus expands presence in Georgia","author":"Project Cargo Global","date":"March 19, 2026","format":false,"excerpt":"The Rhenus Group, a global logistics service provider headquartered in Germany, continues to strengthen its presence along the Trans-Caspian International Transport Route by opening a new office in Tbilisi, Georgia. With this step, Rhenus is now represented across all major markets of the Trans-Caspian Transport Corridor \u2013 T\u00fcrkiye, Georgia, Azerbaijan,\u2026","rel":"","context":"In &quot;Latest News&quot;","block_context":{"text":"Latest News","link":"https:\/\/projectcargoglobal.com\/?cat=4"},"img":{"alt_text":"","src":"https:\/\/i0.wp.com\/projectcargoglobal.com\/wp-content\/uploads\/2026\/03\/Rhenus-Georgia-expands-.jpg?fit=640%2C356&ssl=1&resize=350%2C200","width":350,"height":200,"srcset":"https:\/\/i0.wp.com\/projectcargoglobal.com\/wp-content\/uploads\/2026\/03\/Rhenus-Georgia-expands-.jpg?fit=640%2C356&ssl=1&resize=350%2C200 1x, https:\/\/i0.wp.com\/projectcargoglobal.com\/wp-content\/uploads\/2026\/03\/Rhenus-Georgia-expands-.jpg?fit=640%2C356&ssl=1&resize=525%2C300 1.5x"},"classes":[]},{"id":23371,"url":"https:\/\/projectcargoglobal.com\/?p=23371","url_meta":{"origin":23089,"position":1},"title":"Rhenus marks 10 years with CCCM","author":"Project Cargo Global","date":"July 13, 2026","format":false,"excerpt":"The Rhenus Group marks 10 years of partnership with Moroccan logistics operator Compagnie Commerciale Charbonni\u00e8re et Maritime (CCCM), strengthening its role in building high-performance logistics links between Europe and North Africa and preparing the next phase of corridor expansion. Over the past decade, Rhenus has developed a fully integrated collaboration\u2026","rel":"","context":"In &quot;Latest News&quot;","block_context":{"text":"Latest News","link":"https:\/\/projectcargoglobal.com\/?cat=4"},"img":{"alt_text":"","src":"https:\/\/i0.wp.com\/projectcargoglobal.com\/wp-content\/uploads\/2026\/07\/Rhenus-CCCM.jpg?fit=640%2C356&ssl=1&resize=350%2C200","width":350,"height":200,"srcset":"https:\/\/i0.wp.com\/projectcargoglobal.com\/wp-content\/uploads\/2026\/07\/Rhenus-CCCM.jpg?fit=640%2C356&ssl=1&resize=350%2C200 1x, https:\/\/i0.wp.com\/projectcargoglobal.com\/wp-content\/uploads\/2026\/07\/Rhenus-CCCM.jpg?fit=640%2C356&ssl=1&resize=525%2C300 1.5x"},"classes":[]},{"id":21693,"url":"https:\/\/projectcargoglobal.com\/?p=21693","url_meta":{"origin":23089,"position":2},"title":"Rhenus supports energy transition","author":"Project Cargo Global","date":"October 30, 2025","format":false,"excerpt":"In 2024, renewable energy saw a record capacity growth worldwide, with 585 Gigawatt (GW) added, representing an overall annual growth of around 15%, which was largely driven by solar and wind energy. However, experts warn that in order to triple renewable energy generation capacity by 2030 and reach the COP28\u2026","rel":"","context":"In &quot;Latest News&quot;","block_context":{"text":"Latest News","link":"https:\/\/projectcargoglobal.com\/?cat=4"},"img":{"alt_text":"","src":"https:\/\/i0.wp.com\/projectcargoglobal.com\/wp-content\/uploads\/2025\/10\/Rhenus-renewable-energy-.jpg?fit=640%2C356&ssl=1&resize=350%2C200","width":350,"height":200,"srcset":"https:\/\/i0.wp.com\/projectcargoglobal.com\/wp-content\/uploads\/2025\/10\/Rhenus-renewable-energy-.jpg?fit=640%2C356&ssl=1&resize=350%2C200 1x, https:\/\/i0.wp.com\/projectcargoglobal.com\/wp-content\/uploads\/2025\/10\/Rhenus-renewable-energy-.jpg?fit=640%2C356&ssl=1&resize=525%2C300 1.5x"},"classes":[]},{"id":22896,"url":"https:\/\/projectcargoglobal.com\/?p=22896","url_meta":{"origin":23089,"position":3},"title":"Rhenus strengthens Asia\u2013LATAM trade","author":"Project Cargo Global","date":"April 20, 2026","format":false,"excerpt":"In a global environment marked by the acceleration of international trade, Rhenus Logistics reaffirms its position as one of the leading logistics companies in Latin America by consolidating the strategic Asia\u2013LATAM trade lane and recording unprecedented growth during the 2024\u20132025 period. Rhenus handled over 170,000 TEUs in full container load\u2026","rel":"","context":"In &quot;Latest News&quot;","block_context":{"text":"Latest News","link":"https:\/\/projectcargoglobal.com\/?cat=4"},"img":{"alt_text":"","src":"https:\/\/i0.wp.com\/projectcargoglobal.com\/wp-content\/uploads\/2026\/04\/Rhenus-Asia-LATAM-.jpg?fit=640%2C356&ssl=1&resize=350%2C200","width":350,"height":200,"srcset":"https:\/\/i0.wp.com\/projectcargoglobal.com\/wp-content\/uploads\/2026\/04\/Rhenus-Asia-LATAM-.jpg?fit=640%2C356&ssl=1&resize=350%2C200 1x, https:\/\/i0.wp.com\/projectcargoglobal.com\/wp-content\/uploads\/2026\/04\/Rhenus-Asia-LATAM-.jpg?fit=640%2C356&ssl=1&resize=525%2C300 1.5x"},"classes":[]},{"id":20753,"url":"https:\/\/projectcargoglobal.com\/?p=20753","url_meta":{"origin":23089,"position":4},"title":"Rhenus Group awarded the management of ports by the French State","author":"Project Cargo Global","date":"July 28, 2025","format":false,"excerpt":"The French State and the Compagnie Nationale du Rh\u00f4ne (CNR) have officially awarded the management of the public ports of Vienne Sud and Portes-l\u00e8s-Valence to Rh\u00f4ne Modal Shift, a newly formed consortium led by international logistics provider the Rhenus Group. The 25-year concession brings together Rhenus (51%), the Chambers of\u2026","rel":"","context":"In &quot;Latest News&quot;","block_context":{"text":"Latest News","link":"https:\/\/projectcargoglobal.com\/?cat=4"},"img":{"alt_text":"","src":"","width":0,"height":0},"classes":[]},{"id":22345,"url":"https:\/\/projectcargoglobal.com\/?p=22345","url_meta":{"origin":23089,"position":5},"title":"Rhenus strengthens its Central Asia presence","author":"Project Cargo Global","date":"January 22, 2026","format":false,"excerpt":"The Rhenus Group announces the acquisition of its first rail-connected terminal in the Almaty region, Kazakhstan, strengthening its inland logistics presence along the Trans-Caspian International Transport Route (TITR). The investment marks a strategic step in the Rhenus Group\u2019s long-term approach to developing reliable, integrated logistics infrastructure across Central Asia and\u2026","rel":"","context":"In &quot;Latest News&quot;","block_context":{"text":"Latest News","link":"https:\/\/projectcargoglobal.com\/?cat=4"},"img":{"alt_text":"","src":"https:\/\/i0.wp.com\/projectcargoglobal.com\/wp-content\/uploads\/2026\/01\/Rhenus-Central-Asia-presence-.jpg?fit=640%2C356&ssl=1&resize=350%2C200","width":350,"height":200,"srcset":"https:\/\/i0.wp.com\/projectcargoglobal.com\/wp-content\/uploads\/2026\/01\/Rhenus-Central-Asia-presence-.jpg?fit=640%2C356&ssl=1&resize=350%2C200 1x, https:\/\/i0.wp.com\/projectcargoglobal.com\/wp-content\/uploads\/2026\/01\/Rhenus-Central-Asia-presence-.jpg?fit=640%2C356&ssl=1&resize=525%2C300 1.5x"},"classes":[]}],"jetpack_featured_media_url":"https:\/\/i0.wp.com\/projectcargoglobal.com\/wp-content\/uploads\/2026\/05\/Rhenus-Europe-Middle-East-corridor-.jpg?fit=640%2C356&ssl=1","_links":{"self":[{"href":"https:\/\/projectcargoglobal.com\/index.php?rest_route=\/wp\/v2\/posts\/23089","targetHints":{"allow":["GET"]}}],"collection":[{"href":"https:\/\/projectcargoglobal.com\/index.php?rest_route=\/wp\/v2\/posts"}],"about":[{"href":"https:\/\/projectcargoglobal.com\/index.php?rest_route=\/wp\/v2\/types\/post"}],"author":[{"embeddable":true,"href":"https:\/\/projectcargoglobal.com\/index.php?rest_route=\/wp\/v2\/users\/9"}],"replies":[{"embeddable":true,"href":"https:\/\/projectcargoglobal.com\/index.php?rest_route=%2Fwp%2Fv2%2Fcomments&post=23089"}],"version-history":[{"count":1,"href":"https:\/\/projectcargoglobal.com\/index.php?rest_route=\/wp\/v2\/posts\/23089\/revisions"}],"predecessor-version":[{"id":23091,"href":"https:\/\/projectcargoglobal.com\/index.php?rest_route=\/wp\/v2\/posts\/23089\/revisions\/23091"}],"wp:featuredmedia":[{"embeddable":true,"href":"https:\/\/projectcargoglobal.com\/index.php?rest_route=\/wp\/v2\/media\/23090"}],"wp:attachment":[{"href":"https:\/\/projectcargoglobal.com\/index.php?rest_route=%2Fwp%2Fv2%2Fmedia&parent=23089"}],"wp:term":[{"taxonomy":"category","embeddable":true,"href":"https:\/\/projectcargoglobal.com\/index.php?rest_route=%2Fwp%2Fv2%2Fcategories&post=23089"},{"taxonomy":"post_tag","embeddable":true,"href":"https:\/\/projectcargoglobal.com\/index.php?rest_route=%2Fwp%2Fv2%2Ftags&post=23089"}],"curies":[{"name":"wp","href":"https:\/\/api.w.org\/{rel}","templated":true}]}}