{"id":21383,"date":"2025-09-29T05:00:08","date_gmt":"2025-09-29T05:00:08","guid":{"rendered":"https:\/\/projectcargoglobal.com\/?p=21383"},"modified":"2025-09-28T18:31:45","modified_gmt":"2025-09-28T18:31:45","slug":"wwpc-appoints-perez-y-cia-for-morocco","status":"publish","type":"post","link":"https:\/\/projectcargoglobal.com\/?p=21383","title":{"rendered":"WWPC appoints Perez y Cia for Morocco"},"content":{"rendered":"<p><strong>Headquartered in Tangier, Morocco, Perez Y Cia, Maroc, Sarl-AU has been appointed to Worldwide Project Consortium (WWPC) as the exclusive country member for Morocco with immediate effect.<\/strong><\/p>\n<p>Perez Y Cia specializes in handling complex, oversized, and high-value project cargo, under the leadership of ouael.ahmadi@perezycia.com and ali.elhsissen@perezycia.com.<\/p>\n<p>Their project cargo services include detailed route surveys, cargo engineering, multimodal transport coordination, heavy-lift operations, and risk management. Perez Y Cia work closely with clients to develop customized logistics plans that account for every challenge, from loading and transport to delivery at the final destination.<\/p>\n<p>&nbsp;<br \/>\n&nbsp;<br \/>\n<div class=\"pt-cv-wrapper\"><div class=\"pt-cv-view pt-cv-grid pt-cv-colsys\" id=\"pt-cv-view-658c69ac71\"><div data-id=\"pt-cv-page-1\" class=\"pt-cv-page\" data-cvc=\"5\"><div class=\"col-md-2 col-sm-3 col-xs-12 pt-cv-content-item pt-cv-1-col\" ><div class='pt-cv-ifield'><a href=\"https:\/\/projectcargoglobal.com\/?p=22965\" class=\"_self pt-cv-href-thumbnail pt-cv-thumb-default\" target=\"_self\" ><img loading=\"lazy\" decoding=\"async\" width=\"130\" height=\"90\" src=\"https:\/\/i0.wp.com\/projectcargoglobal.com\/wp-content\/uploads\/2026\/02\/Vestas-New-Zealand-.jpeg?resize=130%2C90&amp;ssl=1\" class=\"pt-cv-thumbnail\" alt=\"\" srcset=\"https:\/\/i0.wp.com\/projectcargoglobal.com\/wp-content\/uploads\/2026\/02\/Vestas-New-Zealand-.jpeg?resize=392%2C272&amp;ssl=1 392w, https:\/\/i0.wp.com\/projectcargoglobal.com\/wp-content\/uploads\/2026\/02\/Vestas-New-Zealand-.jpeg?resize=130%2C90&amp;ssl=1 130w, https:\/\/i0.wp.com\/projectcargoglobal.com\/wp-content\/uploads\/2026\/02\/Vestas-New-Zealand-.jpeg?zoom=2&amp;resize=130%2C90&amp;ssl=1 260w\" sizes=\"auto, (max-width: 130px) 100vw, 130px\" data-attachment-id=\"22510\" data-permalink=\"https:\/\/projectcargoglobal.com\/?attachment_id=22510\" data-orig-file=\"https:\/\/i0.wp.com\/projectcargoglobal.com\/wp-content\/uploads\/2026\/02\/Vestas-New-Zealand-.jpeg?fit=640%2C356&amp;ssl=1\" data-orig-size=\"640,356\" data-comments-opened=\"0\" data-image-meta=\"{&quot;aperture&quot;:&quot;0&quot;,&quot;credit&quot;:&quot;&quot;,&quot;camera&quot;:&quot;&quot;,&quot;caption&quot;:&quot;&quot;,&quot;created_timestamp&quot;:&quot;0&quot;,&quot;copyright&quot;:&quot;&quot;,&quot;focal_length&quot;:&quot;0&quot;,&quot;iso&quot;:&quot;0&quot;,&quot;shutter_speed&quot;:&quot;0&quot;,&quot;title&quot;:&quot;&quot;,&quot;orientation&quot;:&quot;1&quot;}\" data-image-title=\"Vestas New Zealand\" data-image-description=\"\" data-image-caption=\"\" data-large-file=\"https:\/\/i0.wp.com\/projectcargoglobal.com\/wp-content\/uploads\/2026\/02\/Vestas-New-Zealand-.jpeg?fit=640%2C356&amp;ssl=1\" \/><\/a>\n<h4 class=\"pt-cv-title\"><a href=\"https:\/\/projectcargoglobal.com\/?p=22965\" class=\"_self\" target=\"_self\" >Vestas strengthens Qu\u00e9bec presence<\/a><\/h4><\/div><\/div>\n<div class=\"col-md-2 col-sm-3 col-xs-12 pt-cv-content-item pt-cv-1-col\" ><div class='pt-cv-ifield'><a href=\"https:\/\/projectcargoglobal.com\/?p=22957\" class=\"_self pt-cv-href-thumbnail pt-cv-thumb-default\" target=\"_self\" ><img loading=\"lazy\" decoding=\"async\" width=\"130\" height=\"90\" src=\"https:\/\/i0.wp.com\/projectcargoglobal.com\/wp-content\/uploads\/2026\/04\/Broekman-teams-towage-.jpg?resize=130%2C90&amp;ssl=1\" class=\"pt-cv-thumbnail\" alt=\"\" srcset=\"https:\/\/i0.wp.com\/projectcargoglobal.com\/wp-content\/uploads\/2026\/04\/Broekman-teams-towage-.jpg?resize=392%2C272&amp;ssl=1 392w, https:\/\/i0.wp.com\/projectcargoglobal.com\/wp-content\/uploads\/2026\/04\/Broekman-teams-towage-.jpg?resize=130%2C90&amp;ssl=1 130w, https:\/\/i0.wp.com\/projectcargoglobal.com\/wp-content\/uploads\/2026\/04\/Broekman-teams-towage-.jpg?zoom=2&amp;resize=130%2C90&amp;ssl=1 260w\" sizes=\"auto, (max-width: 130px) 100vw, 130px\" data-attachment-id=\"22958\" data-permalink=\"https:\/\/projectcargoglobal.com\/?attachment_id=22958\" data-orig-file=\"https:\/\/i0.wp.com\/projectcargoglobal.com\/wp-content\/uploads\/2026\/04\/Broekman-teams-towage-.jpg?fit=640%2C356&amp;ssl=1\" data-orig-size=\"640,356\" data-comments-opened=\"0\" data-image-meta=\"{&quot;aperture&quot;:&quot;0&quot;,&quot;credit&quot;:&quot;&quot;,&quot;camera&quot;:&quot;&quot;,&quot;caption&quot;:&quot;&quot;,&quot;created_timestamp&quot;:&quot;0&quot;,&quot;copyright&quot;:&quot;&quot;,&quot;focal_length&quot;:&quot;0&quot;,&quot;iso&quot;:&quot;0&quot;,&quot;shutter_speed&quot;:&quot;0&quot;,&quot;title&quot;:&quot;&quot;,&quot;orientation&quot;:&quot;1&quot;}\" data-image-title=\"Broekman teams towage\" data-image-description=\"\" data-image-caption=\"\" data-large-file=\"https:\/\/i0.wp.com\/projectcargoglobal.com\/wp-content\/uploads\/2026\/04\/Broekman-teams-towage-.jpg?fit=640%2C356&amp;ssl=1\" \/><\/a>\n<h4 class=\"pt-cv-title\"><a href=\"https:\/\/projectcargoglobal.com\/?p=22957\" class=\"_self\" target=\"_self\" >Broekman teams join forces to carry out towage operation<\/a><\/h4><\/div><\/div>\n<div class=\"col-md-2 col-sm-3 col-xs-12 pt-cv-content-item pt-cv-1-col\" ><div class='pt-cv-ifield'><a href=\"https:\/\/projectcargoglobal.com\/?p=22967\" class=\"_self pt-cv-href-thumbnail pt-cv-thumb-default\" target=\"_self\" ><img loading=\"lazy\" decoding=\"async\" width=\"130\" height=\"90\" src=\"https:\/\/i0.wp.com\/projectcargoglobal.com\/wp-content\/uploads\/2026\/04\/Briggs-Group-acquired-IFM.jpeg?resize=130%2C90&amp;ssl=1\" class=\"pt-cv-thumbnail\" alt=\"\" srcset=\"https:\/\/i0.wp.com\/projectcargoglobal.com\/wp-content\/uploads\/2026\/04\/Briggs-Group-acquired-IFM.jpeg?resize=392%2C272&amp;ssl=1 392w, https:\/\/i0.wp.com\/projectcargoglobal.com\/wp-content\/uploads\/2026\/04\/Briggs-Group-acquired-IFM.jpeg?resize=130%2C90&amp;ssl=1 130w, https:\/\/i0.wp.com\/projectcargoglobal.com\/wp-content\/uploads\/2026\/04\/Briggs-Group-acquired-IFM.jpeg?zoom=2&amp;resize=130%2C90&amp;ssl=1 260w\" sizes=\"auto, (max-width: 130px) 100vw, 130px\" data-attachment-id=\"22968\" data-permalink=\"https:\/\/projectcargoglobal.com\/?attachment_id=22968\" data-orig-file=\"https:\/\/i0.wp.com\/projectcargoglobal.com\/wp-content\/uploads\/2026\/04\/Briggs-Group-acquired-IFM.jpeg?fit=640%2C356&amp;ssl=1\" data-orig-size=\"640,356\" data-comments-opened=\"0\" data-image-meta=\"{&quot;aperture&quot;:&quot;0&quot;,&quot;credit&quot;:&quot;&quot;,&quot;camera&quot;:&quot;&quot;,&quot;caption&quot;:&quot;&quot;,&quot;created_timestamp&quot;:&quot;0&quot;,&quot;copyright&quot;:&quot;&quot;,&quot;focal_length&quot;:&quot;0&quot;,&quot;iso&quot;:&quot;0&quot;,&quot;shutter_speed&quot;:&quot;0&quot;,&quot;title&quot;:&quot;&quot;,&quot;orientation&quot;:&quot;1&quot;}\" data-image-title=\"Briggs Group acquired IFM\" data-image-description=\"\" data-image-caption=\"\" data-large-file=\"https:\/\/i0.wp.com\/projectcargoglobal.com\/wp-content\/uploads\/2026\/04\/Briggs-Group-acquired-IFM.jpeg?fit=640%2C356&amp;ssl=1\" \/><\/a>\n<h4 class=\"pt-cv-title\"><a href=\"https:\/\/projectcargoglobal.com\/?p=22967\" class=\"_self\" target=\"_self\" >Briggs acquired by pension capital investor IFM<\/a><\/h4><\/div><\/div>\n<div class=\"col-md-2 col-sm-3 col-xs-12 pt-cv-content-item pt-cv-1-col\" ><div class='pt-cv-ifield'><a href=\"https:\/\/projectcargoglobal.com\/?p=22961\" class=\"_self pt-cv-href-thumbnail pt-cv-thumb-default\" target=\"_self\" ><img loading=\"lazy\" decoding=\"async\" width=\"130\" height=\"90\" src=\"https:\/\/i0.wp.com\/projectcargoglobal.com\/wp-content\/uploads\/2026\/04\/Tadano-forestation-.jpeg?resize=130%2C90&amp;ssl=1\" class=\"pt-cv-thumbnail\" alt=\"\" srcset=\"https:\/\/i0.wp.com\/projectcargoglobal.com\/wp-content\/uploads\/2026\/04\/Tadano-forestation-.jpeg?resize=392%2C272&amp;ssl=1 392w, https:\/\/i0.wp.com\/projectcargoglobal.com\/wp-content\/uploads\/2026\/04\/Tadano-forestation-.jpeg?resize=130%2C90&amp;ssl=1 130w, https:\/\/i0.wp.com\/projectcargoglobal.com\/wp-content\/uploads\/2026\/04\/Tadano-forestation-.jpeg?zoom=2&amp;resize=130%2C90&amp;ssl=1 260w\" sizes=\"auto, (max-width: 130px) 100vw, 130px\" data-attachment-id=\"22962\" data-permalink=\"https:\/\/projectcargoglobal.com\/?attachment_id=22962\" data-orig-file=\"https:\/\/i0.wp.com\/projectcargoglobal.com\/wp-content\/uploads\/2026\/04\/Tadano-forestation-.jpeg?fit=640%2C356&amp;ssl=1\" data-orig-size=\"640,356\" data-comments-opened=\"0\" data-image-meta=\"{&quot;aperture&quot;:&quot;3.6&quot;,&quot;credit&quot;:&quot;&quot;,&quot;camera&quot;:&quot;HC-VX2MS&quot;,&quot;caption&quot;:&quot;&quot;,&quot;created_timestamp&quot;:&quot;1775908655&quot;,&quot;copyright&quot;:&quot;&quot;,&quot;focal_length&quot;:&quot;5.1&quot;,&quot;iso&quot;:&quot;0&quot;,&quot;shutter_speed&quot;:&quot;0.002&quot;,&quot;title&quot;:&quot;&quot;,&quot;orientation&quot;:&quot;1&quot;}\" data-image-title=\"Tadano forestation\" data-image-description=\"\" data-image-caption=\"\" data-large-file=\"https:\/\/i0.wp.com\/projectcargoglobal.com\/wp-content\/uploads\/2026\/04\/Tadano-forestation-.jpeg?fit=640%2C356&amp;ssl=1\" \/><\/a>\n<h4 class=\"pt-cv-title\"><a href=\"https:\/\/projectcargoglobal.com\/?p=22961\" class=\"_self\" target=\"_self\" >Tadano continues forestation activities<\/a><\/h4><\/div><\/div>\n<div class=\"col-md-4 col-sm-3 col-xs-12 pt-cv-content-item pt-cv-1-col\" ><div class='pt-cv-ifield'><a href=\"https:\/\/projectcargoglobal.com\/?p=22954\" class=\"_self pt-cv-href-thumbnail pt-cv-thumb-default\" target=\"_self\" ><img loading=\"lazy\" decoding=\"async\" width=\"130\" height=\"90\" src=\"https:\/\/i0.wp.com\/projectcargoglobal.com\/wp-content\/uploads\/2026\/04\/Livo-Logistics-handles-transformers-.jpeg?resize=130%2C90&amp;ssl=1\" class=\"pt-cv-thumbnail\" alt=\"\" srcset=\"https:\/\/i0.wp.com\/projectcargoglobal.com\/wp-content\/uploads\/2026\/04\/Livo-Logistics-handles-transformers-.jpeg?resize=392%2C272&amp;ssl=1 392w, https:\/\/i0.wp.com\/projectcargoglobal.com\/wp-content\/uploads\/2026\/04\/Livo-Logistics-handles-transformers-.jpeg?resize=130%2C90&amp;ssl=1 130w, https:\/\/i0.wp.com\/projectcargoglobal.com\/wp-content\/uploads\/2026\/04\/Livo-Logistics-handles-transformers-.jpeg?zoom=2&amp;resize=130%2C90&amp;ssl=1 260w\" sizes=\"auto, (max-width: 130px) 100vw, 130px\" data-attachment-id=\"22955\" data-permalink=\"https:\/\/projectcargoglobal.com\/?attachment_id=22955\" data-orig-file=\"https:\/\/i0.wp.com\/projectcargoglobal.com\/wp-content\/uploads\/2026\/04\/Livo-Logistics-handles-transformers-.jpeg?fit=640%2C356&amp;ssl=1\" data-orig-size=\"640,356\" data-comments-opened=\"0\" data-image-meta=\"{&quot;aperture&quot;:&quot;0&quot;,&quot;credit&quot;:&quot;&quot;,&quot;camera&quot;:&quot;&quot;,&quot;caption&quot;:&quot;&quot;,&quot;created_timestamp&quot;:&quot;0&quot;,&quot;copyright&quot;:&quot;&quot;,&quot;focal_length&quot;:&quot;0&quot;,&quot;iso&quot;:&quot;0&quot;,&quot;shutter_speed&quot;:&quot;0&quot;,&quot;title&quot;:&quot;&quot;,&quot;orientation&quot;:&quot;1&quot;}\" data-image-title=\"Livo Logistics handles transformers\" data-image-description=\"\" data-image-caption=\"\" data-large-file=\"https:\/\/i0.wp.com\/projectcargoglobal.com\/wp-content\/uploads\/2026\/04\/Livo-Logistics-handles-transformers-.jpeg?fit=640%2C356&amp;ssl=1\" \/><\/a>\n<h4 class=\"pt-cv-title\"><a href=\"https:\/\/projectcargoglobal.com\/?p=22954\" class=\"_self\" target=\"_self\" >Livo Logistics manages complex transportation<\/a><\/h4><\/div><\/div>\n<div class=\"col-md-2 col-sm-3 col-xs-12 pt-cv-content-item pt-cv-1-col\" ><div class='pt-cv-ifield'><a href=\"https:\/\/projectcargoglobal.com\/?p=22952\" class=\"_self pt-cv-href-thumbnail pt-cv-thumb-default\" target=\"_self\" ><img loading=\"lazy\" decoding=\"async\" width=\"130\" height=\"90\" src=\"https:\/\/i0.wp.com\/projectcargoglobal.com\/wp-content\/uploads\/2025\/11\/Kalmar-ArcelorMittal.jpeg?resize=130%2C90&amp;ssl=1\" class=\"pt-cv-thumbnail\" alt=\"\" srcset=\"https:\/\/i0.wp.com\/projectcargoglobal.com\/wp-content\/uploads\/2025\/11\/Kalmar-ArcelorMittal.jpeg?resize=392%2C272&amp;ssl=1 392w, https:\/\/i0.wp.com\/projectcargoglobal.com\/wp-content\/uploads\/2025\/11\/Kalmar-ArcelorMittal.jpeg?resize=130%2C90&amp;ssl=1 130w, https:\/\/i0.wp.com\/projectcargoglobal.com\/wp-content\/uploads\/2025\/11\/Kalmar-ArcelorMittal.jpeg?zoom=2&amp;resize=130%2C90&amp;ssl=1 260w\" sizes=\"auto, (max-width: 130px) 100vw, 130px\" data-attachment-id=\"21893\" data-permalink=\"https:\/\/projectcargoglobal.com\/?attachment_id=21893\" data-orig-file=\"https:\/\/i0.wp.com\/projectcargoglobal.com\/wp-content\/uploads\/2025\/11\/Kalmar-ArcelorMittal.jpeg?fit=640%2C356&amp;ssl=1\" data-orig-size=\"640,356\" data-comments-opened=\"0\" data-image-meta=\"{&quot;aperture&quot;:&quot;5&quot;,&quot;credit&quot;:&quot;ANDREW CLELLAND&quot;,&quot;camera&quot;:&quot;Canon EOS 5D Mark IV&quot;,&quot;caption&quot;:&quot;&quot;,&quot;created_timestamp&quot;:&quot;1761133086&quot;,&quot;copyright&quot;:&quot;ANDREW CLELLAND \/ SECABLUE&quot;,&quot;focal_length&quot;:&quot;16&quot;,&quot;iso&quot;:&quot;400&quot;,&quot;shutter_speed&quot;:&quot;0.008&quot;,&quot;title&quot;:&quot;&quot;,&quot;orientation&quot;:&quot;1&quot;}\" data-image-title=\"Kalmar ArcelorMittal\" data-image-description=\"\" data-image-caption=\"\" data-large-file=\"https:\/\/i0.wp.com\/projectcargoglobal.com\/wp-content\/uploads\/2025\/11\/Kalmar-ArcelorMittal.jpeg?fit=640%2C356&amp;ssl=1\" \/><\/a>\n<h4 class=\"pt-cv-title\"><a href=\"https:\/\/projectcargoglobal.com\/?p=22952\" class=\"_self\" target=\"_self\" >Kalmar appoints Tamara de Gruyter as President of Services<\/a><\/h4><\/div><\/div>\n<div class=\"col-md-2 col-sm-3 col-xs-12 pt-cv-content-item pt-cv-1-col\" ><div class='pt-cv-ifield'><a href=\"https:\/\/projectcargoglobal.com\/?p=22949\" class=\"_self pt-cv-href-thumbnail pt-cv-thumb-default\" target=\"_self\" ><img loading=\"lazy\" decoding=\"async\" width=\"130\" height=\"90\" src=\"https:\/\/i0.wp.com\/projectcargoglobal.com\/wp-content\/uploads\/2026\/04\/Bertling-head-office-new-.jpeg?resize=130%2C90&amp;ssl=1\" class=\"pt-cv-thumbnail\" alt=\"\" srcset=\"https:\/\/i0.wp.com\/projectcargoglobal.com\/wp-content\/uploads\/2026\/04\/Bertling-head-office-new-.jpeg?resize=392%2C272&amp;ssl=1 392w, https:\/\/i0.wp.com\/projectcargoglobal.com\/wp-content\/uploads\/2026\/04\/Bertling-head-office-new-.jpeg?resize=130%2C90&amp;ssl=1 130w, https:\/\/i0.wp.com\/projectcargoglobal.com\/wp-content\/uploads\/2026\/04\/Bertling-head-office-new-.jpeg?zoom=2&amp;resize=130%2C90&amp;ssl=1 260w\" sizes=\"auto, (max-width: 130px) 100vw, 130px\" data-attachment-id=\"22950\" data-permalink=\"https:\/\/projectcargoglobal.com\/?attachment_id=22950\" data-orig-file=\"https:\/\/i0.wp.com\/projectcargoglobal.com\/wp-content\/uploads\/2026\/04\/Bertling-head-office-new-.jpeg?fit=640%2C356&amp;ssl=1\" data-orig-size=\"640,356\" data-comments-opened=\"0\" data-image-meta=\"{&quot;aperture&quot;:&quot;0&quot;,&quot;credit&quot;:&quot;&quot;,&quot;camera&quot;:&quot;&quot;,&quot;caption&quot;:&quot;&quot;,&quot;created_timestamp&quot;:&quot;0&quot;,&quot;copyright&quot;:&quot;&quot;,&quot;focal_length&quot;:&quot;0&quot;,&quot;iso&quot;:&quot;0&quot;,&quot;shutter_speed&quot;:&quot;0&quot;,&quot;title&quot;:&quot;&quot;,&quot;orientation&quot;:&quot;1&quot;}\" data-image-title=\"Bertling head office new\" data-image-description=\"\" data-image-caption=\"\" data-large-file=\"https:\/\/i0.wp.com\/projectcargoglobal.com\/wp-content\/uploads\/2026\/04\/Bertling-head-office-new-.jpeg?fit=640%2C356&amp;ssl=1\" \/><\/a>\n<h4 class=\"pt-cv-title\"><a href=\"https:\/\/projectcargoglobal.com\/?p=22949\" class=\"_self\" target=\"_self\" >New Bertling Head Office takes shape<\/a><\/h4><\/div><\/div>\n<div class=\"col-md-2 col-sm-3 col-xs-12 pt-cv-content-item pt-cv-1-col\" ><div class='pt-cv-ifield'><a href=\"https:\/\/projectcargoglobal.com\/?p=22945\" class=\"_self pt-cv-href-thumbnail pt-cv-thumb-default\" target=\"_self\" ><img loading=\"lazy\" decoding=\"async\" width=\"130\" height=\"90\" src=\"https:\/\/i0.wp.com\/projectcargoglobal.com\/wp-content\/uploads\/2026\/04\/Modern-Shipping-Agencies-CIS-.jpeg?resize=130%2C90&amp;ssl=1\" class=\"pt-cv-thumbnail\" alt=\"\" srcset=\"https:\/\/i0.wp.com\/projectcargoglobal.com\/wp-content\/uploads\/2026\/04\/Modern-Shipping-Agencies-CIS-.jpeg?resize=392%2C272&amp;ssl=1 392w, https:\/\/i0.wp.com\/projectcargoglobal.com\/wp-content\/uploads\/2026\/04\/Modern-Shipping-Agencies-CIS-.jpeg?resize=130%2C90&amp;ssl=1 130w, https:\/\/i0.wp.com\/projectcargoglobal.com\/wp-content\/uploads\/2026\/04\/Modern-Shipping-Agencies-CIS-.jpeg?zoom=2&amp;resize=130%2C90&amp;ssl=1 260w\" sizes=\"auto, (max-width: 130px) 100vw, 130px\" data-attachment-id=\"22946\" data-permalink=\"https:\/\/projectcargoglobal.com\/?attachment_id=22946\" data-orig-file=\"https:\/\/i0.wp.com\/projectcargoglobal.com\/wp-content\/uploads\/2026\/04\/Modern-Shipping-Agencies-CIS-.jpeg?fit=640%2C356&amp;ssl=1\" data-orig-size=\"640,356\" data-comments-opened=\"0\" data-image-meta=\"{&quot;aperture&quot;:&quot;0&quot;,&quot;credit&quot;:&quot;&quot;,&quot;camera&quot;:&quot;&quot;,&quot;caption&quot;:&quot;&quot;,&quot;created_timestamp&quot;:&quot;0&quot;,&quot;copyright&quot;:&quot;&quot;,&quot;focal_length&quot;:&quot;0&quot;,&quot;iso&quot;:&quot;0&quot;,&quot;shutter_speed&quot;:&quot;0&quot;,&quot;title&quot;:&quot;&quot;,&quot;orientation&quot;:&quot;1&quot;}\" data-image-title=\"Modern Shipping Agencies CIS\" data-image-description=\"\" data-image-caption=\"\" data-large-file=\"https:\/\/i0.wp.com\/projectcargoglobal.com\/wp-content\/uploads\/2026\/04\/Modern-Shipping-Agencies-CIS-.jpeg?fit=640%2C356&amp;ssl=1\" \/><\/a>\n<h4 class=\"pt-cv-title\"><a href=\"https:\/\/projectcargoglobal.com\/?p=22945\" class=\"_self\" target=\"_self\" >Modern Shipping Agencies establishes CIS transit solution<\/a><\/h4><\/div><\/div>\n<div class=\"col-md-2 col-sm-3 col-xs-12 pt-cv-content-item pt-cv-1-col\" ><div class='pt-cv-ifield'><a href=\"https:\/\/projectcargoglobal.com\/?p=22942\" class=\"_self pt-cv-href-thumbnail pt-cv-thumb-default\" target=\"_self\" ><img loading=\"lazy\" decoding=\"async\" width=\"130\" height=\"90\" src=\"https:\/\/i0.wp.com\/projectcargoglobal.com\/wp-content\/uploads\/2026\/04\/TIISCHEUERLE-German-wind-farm-project-.jpeg?resize=130%2C90&amp;ssl=1\" class=\"pt-cv-thumbnail\" alt=\"\" srcset=\"https:\/\/i0.wp.com\/projectcargoglobal.com\/wp-content\/uploads\/2026\/04\/TIISCHEUERLE-German-wind-farm-project-.jpeg?resize=392%2C272&amp;ssl=1 392w, https:\/\/i0.wp.com\/projectcargoglobal.com\/wp-content\/uploads\/2026\/04\/TIISCHEUERLE-German-wind-farm-project-.jpeg?resize=130%2C90&amp;ssl=1 130w, https:\/\/i0.wp.com\/projectcargoglobal.com\/wp-content\/uploads\/2026\/04\/TIISCHEUERLE-German-wind-farm-project-.jpeg?zoom=2&amp;resize=130%2C90&amp;ssl=1 260w\" sizes=\"auto, (max-width: 130px) 100vw, 130px\" data-attachment-id=\"22943\" data-permalink=\"https:\/\/projectcargoglobal.com\/?attachment_id=22943\" data-orig-file=\"https:\/\/i0.wp.com\/projectcargoglobal.com\/wp-content\/uploads\/2026\/04\/TIISCHEUERLE-German-wind-farm-project-.jpeg?fit=640%2C356&amp;ssl=1\" data-orig-size=\"640,356\" data-comments-opened=\"0\" data-image-meta=\"{&quot;aperture&quot;:&quot;0&quot;,&quot;credit&quot;:&quot;&quot;,&quot;camera&quot;:&quot;&quot;,&quot;caption&quot;:&quot;&quot;,&quot;created_timestamp&quot;:&quot;0&quot;,&quot;copyright&quot;:&quot;&quot;,&quot;focal_length&quot;:&quot;0&quot;,&quot;iso&quot;:&quot;0&quot;,&quot;shutter_speed&quot;:&quot;0&quot;,&quot;title&quot;:&quot;&quot;,&quot;orientation&quot;:&quot;1&quot;}\" data-image-title=\"TIISCHEUERLE German wind farm project\" data-image-description=\"\" data-image-caption=\"\" data-large-file=\"https:\/\/i0.wp.com\/projectcargoglobal.com\/wp-content\/uploads\/2026\/04\/TIISCHEUERLE-German-wind-farm-project-.jpeg?fit=640%2C356&amp;ssl=1\" \/><\/a>\n<h4 class=\"pt-cv-title\"><a href=\"https:\/\/projectcargoglobal.com\/?p=22942\" class=\"_self\" target=\"_self\" >Wind farm project utilises SCHEUERLE BladeLifter systems<\/a><\/h4><\/div><\/div>\n<div class=\"col-md-4 col-sm-3 col-xs-12 pt-cv-content-item pt-cv-1-col\" ><div class='pt-cv-ifield'><a href=\"https:\/\/projectcargoglobal.com\/?p=22939\" class=\"_self pt-cv-href-thumbnail pt-cv-thumb-default\" target=\"_self\" ><img loading=\"lazy\" decoding=\"async\" width=\"130\" height=\"90\" src=\"https:\/\/i0.wp.com\/projectcargoglobal.com\/wp-content\/uploads\/2026\/04\/DEME-celebrates-milestone-2026.jpeg?resize=130%2C90&amp;ssl=1\" class=\"pt-cv-thumbnail\" alt=\"\" srcset=\"https:\/\/i0.wp.com\/projectcargoglobal.com\/wp-content\/uploads\/2026\/04\/DEME-celebrates-milestone-2026.jpeg?resize=392%2C272&amp;ssl=1 392w, https:\/\/i0.wp.com\/projectcargoglobal.com\/wp-content\/uploads\/2026\/04\/DEME-celebrates-milestone-2026.jpeg?resize=130%2C90&amp;ssl=1 130w, https:\/\/i0.wp.com\/projectcargoglobal.com\/wp-content\/uploads\/2026\/04\/DEME-celebrates-milestone-2026.jpeg?zoom=2&amp;resize=130%2C90&amp;ssl=1 260w\" sizes=\"auto, (max-width: 130px) 100vw, 130px\" data-attachment-id=\"22940\" data-permalink=\"https:\/\/projectcargoglobal.com\/?attachment_id=22940\" data-orig-file=\"https:\/\/i0.wp.com\/projectcargoglobal.com\/wp-content\/uploads\/2026\/04\/DEME-celebrates-milestone-2026.jpeg?fit=640%2C356&amp;ssl=1\" data-orig-size=\"640,356\" data-comments-opened=\"0\" data-image-meta=\"{&quot;aperture&quot;:&quot;0&quot;,&quot;credit&quot;:&quot;&quot;,&quot;camera&quot;:&quot;&quot;,&quot;caption&quot;:&quot;&quot;,&quot;created_timestamp&quot;:&quot;0&quot;,&quot;copyright&quot;:&quot;&quot;,&quot;focal_length&quot;:&quot;0&quot;,&quot;iso&quot;:&quot;0&quot;,&quot;shutter_speed&quot;:&quot;0&quot;,&quot;title&quot;:&quot;&quot;,&quot;orientation&quot;:&quot;1&quot;}\" data-image-title=\"DEME celebrates milestone 2026\" data-image-description=\"\" data-image-caption=\"\" data-large-file=\"https:\/\/i0.wp.com\/projectcargoglobal.com\/wp-content\/uploads\/2026\/04\/DEME-celebrates-milestone-2026.jpeg?fit=640%2C356&amp;ssl=1\" \/><\/a>\n<h4 class=\"pt-cv-title\"><a href=\"https:\/\/projectcargoglobal.com\/?p=22939\" class=\"_self\" target=\"_self\" >DEME celebrates milestone anniversary<\/a><\/h4><\/div><\/div>\n<div class=\"col-md-2 col-sm-3 col-xs-12 pt-cv-content-item pt-cv-1-col\" ><div class='pt-cv-ifield'><a href=\"https:\/\/projectcargoglobal.com\/?p=22936\" class=\"_self pt-cv-href-thumbnail pt-cv-thumb-default\" target=\"_self\" ><img loading=\"lazy\" decoding=\"async\" width=\"130\" height=\"90\" src=\"https:\/\/i0.wp.com\/projectcargoglobal.com\/wp-content\/uploads\/2026\/04\/PCN-Logistix-.jpeg?resize=130%2C90&amp;ssl=1\" class=\"pt-cv-thumbnail\" alt=\"\" srcset=\"https:\/\/i0.wp.com\/projectcargoglobal.com\/wp-content\/uploads\/2026\/04\/PCN-Logistix-.jpeg?resize=392%2C272&amp;ssl=1 392w, https:\/\/i0.wp.com\/projectcargoglobal.com\/wp-content\/uploads\/2026\/04\/PCN-Logistix-.jpeg?resize=130%2C90&amp;ssl=1 130w, https:\/\/i0.wp.com\/projectcargoglobal.com\/wp-content\/uploads\/2026\/04\/PCN-Logistix-.jpeg?zoom=2&amp;resize=130%2C90&amp;ssl=1 260w\" sizes=\"auto, (max-width: 130px) 100vw, 130px\" data-attachment-id=\"22937\" data-permalink=\"https:\/\/projectcargoglobal.com\/?attachment_id=22937\" data-orig-file=\"https:\/\/i0.wp.com\/projectcargoglobal.com\/wp-content\/uploads\/2026\/04\/PCN-Logistix-.jpeg?fit=640%2C356&amp;ssl=1\" data-orig-size=\"640,356\" data-comments-opened=\"0\" data-image-meta=\"{&quot;aperture&quot;:&quot;0&quot;,&quot;credit&quot;:&quot;&quot;,&quot;camera&quot;:&quot;&quot;,&quot;caption&quot;:&quot;&quot;,&quot;created_timestamp&quot;:&quot;0&quot;,&quot;copyright&quot;:&quot;&quot;,&quot;focal_length&quot;:&quot;0&quot;,&quot;iso&quot;:&quot;0&quot;,&quot;shutter_speed&quot;:&quot;0&quot;,&quot;title&quot;:&quot;&quot;,&quot;orientation&quot;:&quot;1&quot;}\" data-image-title=\"PCN Logistix\" data-image-description=\"\" data-image-caption=\"\" data-large-file=\"https:\/\/i0.wp.com\/projectcargoglobal.com\/wp-content\/uploads\/2026\/04\/PCN-Logistix-.jpeg?fit=640%2C356&amp;ssl=1\" \/><\/a>\n<h4 class=\"pt-cv-title\"><a href=\"https:\/\/projectcargoglobal.com\/?p=22936\" class=\"_self\" target=\"_self\" >PCN welcomes Logistix Tanzania<\/a><\/h4><\/div><\/div>\n<div class=\"col-md-2 col-sm-3 col-xs-12 pt-cv-content-item pt-cv-1-col\" ><div class='pt-cv-ifield'><a href=\"https:\/\/projectcargoglobal.com\/?p=22917\" class=\"_self pt-cv-href-thumbnail pt-cv-thumb-default\" target=\"_self\" ><img loading=\"lazy\" decoding=\"async\" width=\"130\" height=\"90\" src=\"https:\/\/i0.wp.com\/projectcargoglobal.com\/wp-content\/uploads\/2026\/04\/Sarens-US-Wind-Project.jpeg?resize=130%2C90&amp;ssl=1\" class=\"pt-cv-thumbnail\" alt=\"\" srcset=\"https:\/\/i0.wp.com\/projectcargoglobal.com\/wp-content\/uploads\/2026\/04\/Sarens-US-Wind-Project.jpeg?resize=392%2C272&amp;ssl=1 392w, https:\/\/i0.wp.com\/projectcargoglobal.com\/wp-content\/uploads\/2026\/04\/Sarens-US-Wind-Project.jpeg?resize=130%2C90&amp;ssl=1 130w, https:\/\/i0.wp.com\/projectcargoglobal.com\/wp-content\/uploads\/2026\/04\/Sarens-US-Wind-Project.jpeg?zoom=2&amp;resize=130%2C90&amp;ssl=1 260w\" sizes=\"auto, (max-width: 130px) 100vw, 130px\" data-attachment-id=\"22918\" data-permalink=\"https:\/\/projectcargoglobal.com\/?attachment_id=22918\" data-orig-file=\"https:\/\/i0.wp.com\/projectcargoglobal.com\/wp-content\/uploads\/2026\/04\/Sarens-US-Wind-Project.jpeg?fit=640%2C356&amp;ssl=1\" data-orig-size=\"640,356\" data-comments-opened=\"0\" data-image-meta=\"{&quot;aperture&quot;:&quot;1.7&quot;,&quot;credit&quot;:&quot;&quot;,&quot;camera&quot;:&quot;Galaxy S24 Ultra&quot;,&quot;caption&quot;:&quot;&quot;,&quot;created_timestamp&quot;:&quot;1729102887&quot;,&quot;copyright&quot;:&quot;&quot;,&quot;focal_length&quot;:&quot;6.3&quot;,&quot;iso&quot;:&quot;160&quot;,&quot;shutter_speed&quot;:&quot;0.0083333333333333&quot;,&quot;title&quot;:&quot;&quot;,&quot;orientation&quot;:&quot;1&quot;}\" data-image-title=\"Sarens US Wind Project\" data-image-description=\"\" data-image-caption=\"\" data-large-file=\"https:\/\/i0.wp.com\/projectcargoglobal.com\/wp-content\/uploads\/2026\/04\/Sarens-US-Wind-Project.jpeg?fit=640%2C356&amp;ssl=1\" \/><\/a>\n<h4 class=\"pt-cv-title\"><a href=\"https:\/\/projectcargoglobal.com\/?p=22917\" class=\"_self\" target=\"_self\" >Sarens drives US wind projects to the final stage<\/a><\/h4><\/div><\/div>\n<div class=\"col-md-2 col-sm-3 col-xs-12 pt-cv-content-item pt-cv-1-col\" ><div class='pt-cv-ifield'><a href=\"https:\/\/projectcargoglobal.com\/?p=22927\" class=\"_self pt-cv-href-thumbnail pt-cv-thumb-default\" target=\"_self\" ><img loading=\"lazy\" decoding=\"async\" width=\"130\" height=\"90\" src=\"https:\/\/i0.wp.com\/projectcargoglobal.com\/wp-content\/uploads\/2026\/04\/DEME-King-.jpeg?resize=130%2C90&amp;ssl=1\" class=\"pt-cv-thumbnail\" alt=\"\" srcset=\"https:\/\/i0.wp.com\/projectcargoglobal.com\/wp-content\/uploads\/2026\/04\/DEME-King-.jpeg?resize=392%2C272&amp;ssl=1 392w, https:\/\/i0.wp.com\/projectcargoglobal.com\/wp-content\/uploads\/2026\/04\/DEME-King-.jpeg?resize=130%2C90&amp;ssl=1 130w, https:\/\/i0.wp.com\/projectcargoglobal.com\/wp-content\/uploads\/2026\/04\/DEME-King-.jpeg?zoom=2&amp;resize=130%2C90&amp;ssl=1 260w\" sizes=\"auto, (max-width: 130px) 100vw, 130px\" data-attachment-id=\"22930\" data-permalink=\"https:\/\/projectcargoglobal.com\/?attachment_id=22930\" data-orig-file=\"https:\/\/i0.wp.com\/projectcargoglobal.com\/wp-content\/uploads\/2026\/04\/DEME-King-.jpeg?fit=640%2C356&amp;ssl=1\" data-orig-size=\"640,356\" data-comments-opened=\"0\" data-image-meta=\"{&quot;aperture&quot;:&quot;0&quot;,&quot;credit&quot;:&quot;&quot;,&quot;camera&quot;:&quot;&quot;,&quot;caption&quot;:&quot;&quot;,&quot;created_timestamp&quot;:&quot;0&quot;,&quot;copyright&quot;:&quot;&quot;,&quot;focal_length&quot;:&quot;0&quot;,&quot;iso&quot;:&quot;0&quot;,&quot;shutter_speed&quot;:&quot;0&quot;,&quot;title&quot;:&quot;&quot;,&quot;orientation&quot;:&quot;1&quot;}\" data-image-title=\"DEME King\" data-image-description=\"\" data-image-caption=\"\" data-large-file=\"https:\/\/i0.wp.com\/projectcargoglobal.com\/wp-content\/uploads\/2026\/04\/DEME-King-.jpeg?fit=640%2C356&amp;ssl=1\" \/><\/a>\n<h4 class=\"pt-cv-title\"><a href=\"https:\/\/projectcargoglobal.com\/?p=22927\" class=\"_self\" target=\"_self\" >DEME welcomes His Majesty King Philippe of the Belgians<\/a><\/h4><\/div><\/div>\n<div class=\"col-md-2 col-sm-3 col-xs-12 pt-cv-content-item pt-cv-1-col\" ><div class='pt-cv-ifield'><a href=\"https:\/\/projectcargoglobal.com\/?p=22932\" class=\"_self pt-cv-href-thumbnail pt-cv-thumb-default\" target=\"_self\" ><img loading=\"lazy\" decoding=\"async\" width=\"130\" height=\"90\" src=\"https:\/\/i0.wp.com\/projectcargoglobal.com\/wp-content\/uploads\/2026\/04\/Broekman-tower-operations-.jpeg?resize=130%2C90&amp;ssl=1\" class=\"pt-cv-thumbnail\" alt=\"\" srcset=\"https:\/\/i0.wp.com\/projectcargoglobal.com\/wp-content\/uploads\/2026\/04\/Broekman-tower-operations-.jpeg?resize=392%2C272&amp;ssl=1 392w, https:\/\/i0.wp.com\/projectcargoglobal.com\/wp-content\/uploads\/2026\/04\/Broekman-tower-operations-.jpeg?resize=130%2C90&amp;ssl=1 130w, https:\/\/i0.wp.com\/projectcargoglobal.com\/wp-content\/uploads\/2026\/04\/Broekman-tower-operations-.jpeg?zoom=2&amp;resize=130%2C90&amp;ssl=1 260w\" sizes=\"auto, (max-width: 130px) 100vw, 130px\" data-attachment-id=\"22933\" data-permalink=\"https:\/\/projectcargoglobal.com\/?attachment_id=22933\" data-orig-file=\"https:\/\/i0.wp.com\/projectcargoglobal.com\/wp-content\/uploads\/2026\/04\/Broekman-tower-operations-.jpeg?fit=640%2C356&amp;ssl=1\" data-orig-size=\"640,356\" data-comments-opened=\"0\" data-image-meta=\"{&quot;aperture&quot;:&quot;0&quot;,&quot;credit&quot;:&quot;&quot;,&quot;camera&quot;:&quot;&quot;,&quot;caption&quot;:&quot;&quot;,&quot;created_timestamp&quot;:&quot;0&quot;,&quot;copyright&quot;:&quot;&quot;,&quot;focal_length&quot;:&quot;0&quot;,&quot;iso&quot;:&quot;0&quot;,&quot;shutter_speed&quot;:&quot;0&quot;,&quot;title&quot;:&quot;&quot;,&quot;orientation&quot;:&quot;1&quot;}\" data-image-title=\"Broekman tower operations\" data-image-description=\"\" data-image-caption=\"\" data-large-file=\"https:\/\/i0.wp.com\/projectcargoglobal.com\/wp-content\/uploads\/2026\/04\/Broekman-tower-operations-.jpeg?fit=640%2C356&amp;ssl=1\" \/><\/a>\n<h4 class=\"pt-cv-title\"><a href=\"https:\/\/projectcargoglobal.com\/?p=22932\" class=\"_self\" target=\"_self\" >Broekman coordinates tower operation<\/a><\/h4><\/div><\/div>\n<div class=\"col-md-4 col-sm-3 col-xs-12 pt-cv-content-item pt-cv-1-col\" ><div class='pt-cv-ifield'><a href=\"https:\/\/projectcargoglobal.com\/?p=22920\" class=\"_self pt-cv-href-thumbnail pt-cv-thumb-default\" target=\"_self\" ><img loading=\"lazy\" decoding=\"async\" width=\"130\" height=\"90\" src=\"https:\/\/i0.wp.com\/projectcargoglobal.com\/wp-content\/uploads\/2026\/04\/Hoegh-newbuild-.jpg?resize=130%2C90&amp;ssl=1\" class=\"pt-cv-thumbnail\" alt=\"\" srcset=\"https:\/\/i0.wp.com\/projectcargoglobal.com\/wp-content\/uploads\/2026\/04\/Hoegh-newbuild-.jpg?resize=392%2C272&amp;ssl=1 392w, https:\/\/i0.wp.com\/projectcargoglobal.com\/wp-content\/uploads\/2026\/04\/Hoegh-newbuild-.jpg?resize=130%2C90&amp;ssl=1 130w, https:\/\/i0.wp.com\/projectcargoglobal.com\/wp-content\/uploads\/2026\/04\/Hoegh-newbuild-.jpg?zoom=2&amp;resize=130%2C90&amp;ssl=1 260w\" sizes=\"auto, (max-width: 130px) 100vw, 130px\" data-attachment-id=\"22921\" data-permalink=\"https:\/\/projectcargoglobal.com\/?attachment_id=22921\" data-orig-file=\"https:\/\/i0.wp.com\/projectcargoglobal.com\/wp-content\/uploads\/2026\/04\/Hoegh-newbuild-.jpg?fit=640%2C356&amp;ssl=1\" data-orig-size=\"640,356\" data-comments-opened=\"0\" data-image-meta=\"{&quot;aperture&quot;:&quot;0&quot;,&quot;credit&quot;:&quot;&quot;,&quot;camera&quot;:&quot;&quot;,&quot;caption&quot;:&quot;&quot;,&quot;created_timestamp&quot;:&quot;0&quot;,&quot;copyright&quot;:&quot;&quot;,&quot;focal_length&quot;:&quot;0&quot;,&quot;iso&quot;:&quot;0&quot;,&quot;shutter_speed&quot;:&quot;0&quot;,&quot;title&quot;:&quot;&quot;,&quot;orientation&quot;:&quot;1&quot;}\" data-image-title=\"Hoegh newbuild\" data-image-description=\"\" data-image-caption=\"\" data-large-file=\"https:\/\/i0.wp.com\/projectcargoglobal.com\/wp-content\/uploads\/2026\/04\/Hoegh-newbuild-.jpg?fit=640%2C356&amp;ssl=1\" \/><\/a>\n<h4 class=\"pt-cv-title\"><a href=\"https:\/\/projectcargoglobal.com\/?p=22920\" class=\"_self\" target=\"_self\" >Hoegh welcomes another newbuild to their fleet<\/a><\/h4><\/div><\/div><\/div><\/div><\/div><\/p>\n","protected":false},"excerpt":{"rendered":"<p>Headquartered in Tangier, Morocco, Perez Y Cia, Maroc, Sarl-AU has been appointed to Worldwide Project Consortium (WWPC) as the exclusive<\/p>\n","protected":false},"author":9,"featured_media":21384,"comment_status":"closed","ping_status":"closed","sticky":false,"template":"","format":"standard","meta":{"colormag_page_container_layout":"default_layout","colormag_page_sidebar_layout":"default_layout","jetpack_post_was_ever_published":false,"_jetpack_newsletter_access":"","_jetpack_dont_email_post_to_subs":false,"_jetpack_newsletter_tier_id":0,"_jetpack_memberships_contains_paywalled_content":false,"_jetpack_memberships_contains_paid_content":false,"footnotes":"","jetpack_publicize_message":"","jetpack_publicize_feature_enabled":true,"jetpack_social_post_already_shared":false,"jetpack_social_options":{"image_generator_settings":{"template":"highway","default_image_id":0,"font":"","enabled":false},"version":2}},"categories":[4],"tags":[2383,1419],"class_list":["post-21383","post","type-post","status-publish","format-standard","has-post-thumbnail","hentry","category-latest-news","tag-perez-y-cia","tag-wwpc"],"jetpack_publicize_connections":[],"jetpack_featured_media_url":"https:\/\/i0.wp.com\/projectcargoglobal.com\/wp-content\/uploads\/2025\/09\/Perez-Y-Cia-WWPC.jpeg?fit=640%2C356&ssl=1","jetpack_sharing_enabled":true,"jetpack_shortlink":"https:\/\/wp.me\/paPyrk-5yT","jetpack-related-posts":[{"id":21944,"url":"https:\/\/projectcargoglobal.com\/?p=21944","url_meta":{"origin":21383,"position":0},"title":"WWPC appoints Perez y Cia Peru","author":"Project Cargo Global","date":"December 1, 2025","format":false,"excerpt":"Worldwide Project Consortium (WWPC) is pleased to announce the appointment of P\u00e9rez y C\u00eda Per\u00fa, headquartered in Lima, for Peru as exclusive country member effective immediately. P\u00e9rez y C\u00eda Per\u00fa specializes in maritime and cargo logistics. Its services include port agency, husbanding, liner and non-liner representations, freight forwarding, isotanks, and\u2026","rel":"","context":"In &quot;Latest News&quot;","block_context":{"text":"Latest News","link":"https:\/\/projectcargoglobal.com\/?cat=4"},"img":{"alt_text":"","src":"https:\/\/i0.wp.com\/projectcargoglobal.com\/wp-content\/uploads\/2025\/09\/Perez-Y-Cia-WWPC.jpeg?fit=640%2C356&ssl=1&resize=350%2C200","width":350,"height":200,"srcset":"https:\/\/i0.wp.com\/projectcargoglobal.com\/wp-content\/uploads\/2025\/09\/Perez-Y-Cia-WWPC.jpeg?fit=640%2C356&ssl=1&resize=350%2C200 1x, https:\/\/i0.wp.com\/projectcargoglobal.com\/wp-content\/uploads\/2025\/09\/Perez-Y-Cia-WWPC.jpeg?fit=640%2C356&ssl=1&resize=525%2C300 1.5x"},"classes":[]},{"id":21030,"url":"https:\/\/projectcargoglobal.com\/?p=21030","url_meta":{"origin":21383,"position":1},"title":"PCN welcomes Perez y Cia as new members","author":"Project Cargo Global","date":"August 25, 2025","format":false,"excerpt":"Project Cargo Network are pleased to announce Perez y Cia Maroc are new members. They have a wide coverage of 6 strategically located offices across the country. Perez y Cia are already PCN members in Spain and we are delighted to welcome their Morocco team to the network. The company\u2026","rel":"","context":"In &quot;Latest News&quot;","block_context":{"text":"Latest News","link":"https:\/\/projectcargoglobal.com\/?cat=4"},"img":{"alt_text":"","src":"https:\/\/i0.wp.com\/projectcargoglobal.com\/wp-content\/uploads\/2025\/08\/PCN-Perez-y-Cia.jpg?fit=640%2C356&ssl=1&resize=350%2C200","width":350,"height":200,"srcset":"https:\/\/i0.wp.com\/projectcargoglobal.com\/wp-content\/uploads\/2025\/08\/PCN-Perez-y-Cia.jpg?fit=640%2C356&ssl=1&resize=350%2C200 1x, https:\/\/i0.wp.com\/projectcargoglobal.com\/wp-content\/uploads\/2025\/08\/PCN-Perez-y-Cia.jpg?fit=640%2C356&ssl=1&resize=525%2C300 1.5x"},"classes":[]},{"id":20568,"url":"https:\/\/projectcargoglobal.com\/?p=20568","url_meta":{"origin":21383,"position":2},"title":"WWPC to host Membership Conference in Milan","author":"Project Cargo Global","date":"July 7, 2025","format":false,"excerpt":"The Worldwide Project Consortium (WWPC) is pleased to announce its 23rd Membership Conference, taking place in Milan, Italy, October 5\u20138, 2025. Network members, sponsors, and invited guests will gather for a dynamic program featuring insightful presentations, member-to-member meetings, and engaging social events, all set in one of Europe\u2019s most iconic\u2026","rel":"","context":"In &quot;Latest News&quot;","block_context":{"text":"Latest News","link":"https:\/\/projectcargoglobal.com\/?cat=4"},"img":{"alt_text":"","src":"","width":0,"height":0},"classes":[]},{"id":22486,"url":"https:\/\/projectcargoglobal.com\/?p=22486","url_meta":{"origin":21383,"position":3},"title":"Ambercor executes transport of three tanks","author":"Project Cargo Global","date":"February 10, 2026","format":false,"excerpt":"Ambercor Shipping USA, member to the Worldwide Project Consortium (WWPC) in conjunction with fellow WWPC Partner in T\u00fcrkiye, Origin FGL Lojistik, successfully executed the transport of 3 tanks (two tanks: 40 x 4 x 4.3 meter and 90 tons each and one tank of 20 x 4.2 x 4.3 meter\u2026","rel":"","context":"In &quot;Latest News&quot;","block_context":{"text":"Latest News","link":"https:\/\/projectcargoglobal.com\/?cat=4"},"img":{"alt_text":"","src":"https:\/\/i0.wp.com\/projectcargoglobal.com\/wp-content\/uploads\/2026\/02\/Ambercor-three-tanks-.jpeg?fit=640%2C356&ssl=1&resize=350%2C200","width":350,"height":200,"srcset":"https:\/\/i0.wp.com\/projectcargoglobal.com\/wp-content\/uploads\/2026\/02\/Ambercor-three-tanks-.jpeg?fit=640%2C356&ssl=1&resize=350%2C200 1x, https:\/\/i0.wp.com\/projectcargoglobal.com\/wp-content\/uploads\/2026\/02\/Ambercor-three-tanks-.jpeg?fit=640%2C356&ssl=1&resize=525%2C300 1.5x"},"classes":[]},{"id":20778,"url":"https:\/\/projectcargoglobal.com\/?p=20778","url_meta":{"origin":21383,"position":4},"title":"ISSGF executes critical transport to Mexico","author":"Project Cargo Global","date":"July 30, 2025","format":false,"excerpt":"The project division of ISSGF India Pvt. Ltd., member of the Worldwide Project Consortium (WWPC), has successfully executed the critical transport of 450 freight tonnes of project cargo from Shanghai, China, to the Port of Manzanillo, Mexico. The shipment comprised two 60MVA\/230KV transformers, each measuring 6.45 x 3.75 x 4.35\u2026","rel":"","context":"In &quot;Latest News&quot;","block_context":{"text":"Latest News","link":"https:\/\/projectcargoglobal.com\/?cat=4"},"img":{"alt_text":"","src":"","width":0,"height":0},"classes":[]},{"id":21602,"url":"https:\/\/projectcargoglobal.com\/?p=21602","url_meta":{"origin":21383,"position":5},"title":"WWPC shows support for disadvantaged children","author":"Project Cargo Global","date":"October 20, 2025","format":false,"excerpt":"Each year, when representatives from member companies of the Worldwide Project Consortium (WWPC) gather for their annual conference, the event focuses on networking and exploring new business opportunities. Same time social consciousness of the group is manifested through an auction in support for disadvantaged children. In 2011, WWPC launched a\u2026","rel":"","context":"In &quot;Latest News&quot;","block_context":{"text":"Latest News","link":"https:\/\/projectcargoglobal.com\/?cat=4"},"img":{"alt_text":"","src":"https:\/\/i0.wp.com\/projectcargoglobal.com\/wp-content\/uploads\/2025\/10\/WWPC-local-charities-.jpeg?fit=640%2C356&ssl=1&resize=350%2C200","width":350,"height":200,"srcset":"https:\/\/i0.wp.com\/projectcargoglobal.com\/wp-content\/uploads\/2025\/10\/WWPC-local-charities-.jpeg?fit=640%2C356&ssl=1&resize=350%2C200 1x, https:\/\/i0.wp.com\/projectcargoglobal.com\/wp-content\/uploads\/2025\/10\/WWPC-local-charities-.jpeg?fit=640%2C356&ssl=1&resize=525%2C300 1.5x"},"classes":[]}],"_links":{"self":[{"href":"https:\/\/projectcargoglobal.com\/index.php?rest_route=\/wp\/v2\/posts\/21383","targetHints":{"allow":["GET"]}}],"collection":[{"href":"https:\/\/projectcargoglobal.com\/index.php?rest_route=\/wp\/v2\/posts"}],"about":[{"href":"https:\/\/projectcargoglobal.com\/index.php?rest_route=\/wp\/v2\/types\/post"}],"author":[{"embeddable":true,"href":"https:\/\/projectcargoglobal.com\/index.php?rest_route=\/wp\/v2\/users\/9"}],"replies":[{"embeddable":true,"href":"https:\/\/projectcargoglobal.com\/index.php?rest_route=%2Fwp%2Fv2%2Fcomments&post=21383"}],"version-history":[{"count":1,"href":"https:\/\/projectcargoglobal.com\/index.php?rest_route=\/wp\/v2\/posts\/21383\/revisions"}],"predecessor-version":[{"id":21385,"href":"https:\/\/projectcargoglobal.com\/index.php?rest_route=\/wp\/v2\/posts\/21383\/revisions\/21385"}],"wp:featuredmedia":[{"embeddable":true,"href":"https:\/\/projectcargoglobal.com\/index.php?rest_route=\/wp\/v2\/media\/21384"}],"wp:attachment":[{"href":"https:\/\/projectcargoglobal.com\/index.php?rest_route=%2Fwp%2Fv2%2Fmedia&parent=21383"}],"wp:term":[{"taxonomy":"category","embeddable":true,"href":"https:\/\/projectcargoglobal.com\/index.php?rest_route=%2Fwp%2Fv2%2Fcategories&post=21383"},{"taxonomy":"post_tag","embeddable":true,"href":"https:\/\/projectcargoglobal.com\/index.php?rest_route=%2Fwp%2Fv2%2Ftags&post=21383"}],"curies":[{"name":"wp","href":"https:\/\/api.w.org\/{rel}","templated":true}]}}