{"id":20753,"date":"2025-07-28T05:00:48","date_gmt":"2025-07-28T05:00:48","guid":{"rendered":"https:\/\/projectcargoglobal.com\/?p=20753"},"modified":"2025-07-27T19:52:02","modified_gmt":"2025-07-27T19:52:02","slug":"rhenus-group-awarded-the-management-of-ports-by-the-french-state","status":"publish","type":"post","link":"https:\/\/projectcargoglobal.com\/?p=20753","title":{"rendered":"Rhenus Group awarded the management of ports by the French State"},"content":{"rendered":"<p><strong>The French State and the Compagnie Nationale du Rh\u00f4ne (CNR) have officially awarded the management of the public ports of Vienne Sud and Portes-l\u00e8s-Valence to Rh\u00f4ne Modal Shift, a newly formed consortium led by international logistics provider the Rhenus Group. <\/strong><\/p>\n<p>The 25-year concession brings together Rhenus (51%), the Chambers of Commerce and Industry (CCI) of Nord Is\u00e8re and Dr\u00f4me (20% each), and Soci\u00e9t\u00e9 Report Modal (9%). <\/p>\n<p>This decision follows a competitive selection process aimed at strengthening the Mediterranean-Rh\u00f4ne-Sa\u00f4ne (MeRS) corridor, a major freight axis connecting the Lyon region to the port of Marseille-Fos. According to Fabienne Buccio, Prefect of the Auvergne-Rh\u00f4ne-Alpes region, \u201cthis initiative enhances the logistics offer for businesses and strengthens the role of the Rh\u00f4ne corridor in national and international freight flows.\u201d <\/p>\n<p>The two ports are already active logistics hubs: Vienne Sud, part of the 340-hectare INSPIRA industrial zone, handled 115,000 tonnes by river and 137,000 tonnes by rail in 2024. <\/p>\n<p>Portes-l\u00e8s-Valence, a 45-hectare trimodal platform, processed 80,000 tonnes by river and 171,000 tonnes by rail.<br \/>\nThe consortium has committed to\u202fdoubling freight volumes by 2032, supported by infrastructure upgrades co-financed through an EUR80 million investment plan across four Rh\u00f4ne ports.\u202fMichael de Reese, Division Head of Rhenus Port Logistics, emphasized: \u201cWe\u2019re proud to bring our logistics expertise to this long-term project. Our goal is to make these ports more efficient, more connected and more responsive to the needs of businesses.\u201d <\/p>\n<p>By improving multimodal transport options, especially river and rail, the project enhances the flow of goods between European inland markets and international maritime routes. This contributes to more efficient logistics and supports the competitiveness of regional industries. Laurence Borie-Bancel, President of CNR, noted that \u201cby combining the expertise of a global logistics group with the local knowledge of the CCIs, we are taking bold and pragmatic steps to attract new freight flows and support industrial development along the corridor.\u201d <\/p>\n<p>CNR estimates that increased use of river and rail transport could remove up to 120,000 trucks per year from the Rh\u00f4ne Valley Road network. This shift is expected to ease congestion and improve the reliability of freight services. The CCIs, through their long-standing presence in port operations, will also play a key role in maintaining strong ties with local businesses and communities. As the CCI Representatives Philippe Gu\u00e9rand, President of the CCI for the region Auvergne-Rh\u00f4ne-Alpes, Christophe Carron, President of the CCI for Nord Is\u00e8re, Alain Guibert, President of the CCI for Dr\u00f4me, and Pierre-Olivier Boyer, President of the Soci\u00e9t\u00e9 Report Modal for the CCI  of Auvergne-Rh\u00f4ne-Alpes, stated: \u201cThis partnership with Rhenus, a major logistics group recognised in Europe, allows us to connect regional economic actors with a broader logistics network, while contributing to the State\u2019s long-term transport strategy.\u201d <\/p>\n<p>&nbsp;<br \/>\n&nbsp;<br \/>\n<div class=\"pt-cv-wrapper\"><div class=\"pt-cv-view pt-cv-grid pt-cv-colsys\" id=\"pt-cv-view-658c69ac71\"><div data-id=\"pt-cv-page-1\" class=\"pt-cv-page\" data-cvc=\"5\"><div class=\"col-md-2 col-sm-3 col-xs-12 pt-cv-content-item pt-cv-1-col\" ><div class='pt-cv-ifield'><a href=\"https:\/\/projectcargoglobal.com\/?p=22965\" class=\"_self pt-cv-href-thumbnail pt-cv-thumb-default\" target=\"_self\" ><img loading=\"lazy\" decoding=\"async\" width=\"130\" height=\"90\" src=\"https:\/\/i0.wp.com\/projectcargoglobal.com\/wp-content\/uploads\/2026\/02\/Vestas-New-Zealand-.jpeg?resize=130%2C90&amp;ssl=1\" class=\"pt-cv-thumbnail\" alt=\"\" srcset=\"https:\/\/i0.wp.com\/projectcargoglobal.com\/wp-content\/uploads\/2026\/02\/Vestas-New-Zealand-.jpeg?resize=392%2C272&amp;ssl=1 392w, https:\/\/i0.wp.com\/projectcargoglobal.com\/wp-content\/uploads\/2026\/02\/Vestas-New-Zealand-.jpeg?resize=130%2C90&amp;ssl=1 130w, https:\/\/i0.wp.com\/projectcargoglobal.com\/wp-content\/uploads\/2026\/02\/Vestas-New-Zealand-.jpeg?zoom=2&amp;resize=130%2C90&amp;ssl=1 260w\" sizes=\"auto, (max-width: 130px) 100vw, 130px\" data-attachment-id=\"22510\" data-permalink=\"https:\/\/projectcargoglobal.com\/?attachment_id=22510\" data-orig-file=\"https:\/\/i0.wp.com\/projectcargoglobal.com\/wp-content\/uploads\/2026\/02\/Vestas-New-Zealand-.jpeg?fit=640%2C356&amp;ssl=1\" data-orig-size=\"640,356\" data-comments-opened=\"0\" data-image-meta=\"{&quot;aperture&quot;:&quot;0&quot;,&quot;credit&quot;:&quot;&quot;,&quot;camera&quot;:&quot;&quot;,&quot;caption&quot;:&quot;&quot;,&quot;created_timestamp&quot;:&quot;0&quot;,&quot;copyright&quot;:&quot;&quot;,&quot;focal_length&quot;:&quot;0&quot;,&quot;iso&quot;:&quot;0&quot;,&quot;shutter_speed&quot;:&quot;0&quot;,&quot;title&quot;:&quot;&quot;,&quot;orientation&quot;:&quot;1&quot;}\" data-image-title=\"Vestas New Zealand\" data-image-description=\"\" data-image-caption=\"\" data-large-file=\"https:\/\/i0.wp.com\/projectcargoglobal.com\/wp-content\/uploads\/2026\/02\/Vestas-New-Zealand-.jpeg?fit=640%2C356&amp;ssl=1\" \/><\/a>\n<h4 class=\"pt-cv-title\"><a href=\"https:\/\/projectcargoglobal.com\/?p=22965\" class=\"_self\" target=\"_self\" >Vestas strengthens Qu\u00e9bec presence<\/a><\/h4><\/div><\/div>\n<div class=\"col-md-2 col-sm-3 col-xs-12 pt-cv-content-item pt-cv-1-col\" ><div class='pt-cv-ifield'><a href=\"https:\/\/projectcargoglobal.com\/?p=22957\" class=\"_self pt-cv-href-thumbnail pt-cv-thumb-default\" target=\"_self\" ><img loading=\"lazy\" decoding=\"async\" width=\"130\" height=\"90\" src=\"https:\/\/i0.wp.com\/projectcargoglobal.com\/wp-content\/uploads\/2026\/04\/Broekman-teams-towage-.jpg?resize=130%2C90&amp;ssl=1\" class=\"pt-cv-thumbnail\" alt=\"\" srcset=\"https:\/\/i0.wp.com\/projectcargoglobal.com\/wp-content\/uploads\/2026\/04\/Broekman-teams-towage-.jpg?resize=392%2C272&amp;ssl=1 392w, https:\/\/i0.wp.com\/projectcargoglobal.com\/wp-content\/uploads\/2026\/04\/Broekman-teams-towage-.jpg?resize=130%2C90&amp;ssl=1 130w, https:\/\/i0.wp.com\/projectcargoglobal.com\/wp-content\/uploads\/2026\/04\/Broekman-teams-towage-.jpg?zoom=2&amp;resize=130%2C90&amp;ssl=1 260w\" sizes=\"auto, (max-width: 130px) 100vw, 130px\" data-attachment-id=\"22958\" data-permalink=\"https:\/\/projectcargoglobal.com\/?attachment_id=22958\" data-orig-file=\"https:\/\/i0.wp.com\/projectcargoglobal.com\/wp-content\/uploads\/2026\/04\/Broekman-teams-towage-.jpg?fit=640%2C356&amp;ssl=1\" data-orig-size=\"640,356\" data-comments-opened=\"0\" data-image-meta=\"{&quot;aperture&quot;:&quot;0&quot;,&quot;credit&quot;:&quot;&quot;,&quot;camera&quot;:&quot;&quot;,&quot;caption&quot;:&quot;&quot;,&quot;created_timestamp&quot;:&quot;0&quot;,&quot;copyright&quot;:&quot;&quot;,&quot;focal_length&quot;:&quot;0&quot;,&quot;iso&quot;:&quot;0&quot;,&quot;shutter_speed&quot;:&quot;0&quot;,&quot;title&quot;:&quot;&quot;,&quot;orientation&quot;:&quot;1&quot;}\" data-image-title=\"Broekman teams towage\" data-image-description=\"\" data-image-caption=\"\" data-large-file=\"https:\/\/i0.wp.com\/projectcargoglobal.com\/wp-content\/uploads\/2026\/04\/Broekman-teams-towage-.jpg?fit=640%2C356&amp;ssl=1\" \/><\/a>\n<h4 class=\"pt-cv-title\"><a href=\"https:\/\/projectcargoglobal.com\/?p=22957\" class=\"_self\" target=\"_self\" >Broekman teams join forces to carry out towage operation<\/a><\/h4><\/div><\/div>\n<div class=\"col-md-2 col-sm-3 col-xs-12 pt-cv-content-item pt-cv-1-col\" ><div class='pt-cv-ifield'><a href=\"https:\/\/projectcargoglobal.com\/?p=22967\" class=\"_self pt-cv-href-thumbnail pt-cv-thumb-default\" target=\"_self\" ><img loading=\"lazy\" decoding=\"async\" width=\"130\" height=\"90\" src=\"https:\/\/i0.wp.com\/projectcargoglobal.com\/wp-content\/uploads\/2026\/04\/Briggs-Group-acquired-IFM.jpeg?resize=130%2C90&amp;ssl=1\" class=\"pt-cv-thumbnail\" alt=\"\" srcset=\"https:\/\/i0.wp.com\/projectcargoglobal.com\/wp-content\/uploads\/2026\/04\/Briggs-Group-acquired-IFM.jpeg?resize=392%2C272&amp;ssl=1 392w, https:\/\/i0.wp.com\/projectcargoglobal.com\/wp-content\/uploads\/2026\/04\/Briggs-Group-acquired-IFM.jpeg?resize=130%2C90&amp;ssl=1 130w, https:\/\/i0.wp.com\/projectcargoglobal.com\/wp-content\/uploads\/2026\/04\/Briggs-Group-acquired-IFM.jpeg?zoom=2&amp;resize=130%2C90&amp;ssl=1 260w\" sizes=\"auto, (max-width: 130px) 100vw, 130px\" data-attachment-id=\"22968\" data-permalink=\"https:\/\/projectcargoglobal.com\/?attachment_id=22968\" data-orig-file=\"https:\/\/i0.wp.com\/projectcargoglobal.com\/wp-content\/uploads\/2026\/04\/Briggs-Group-acquired-IFM.jpeg?fit=640%2C356&amp;ssl=1\" data-orig-size=\"640,356\" data-comments-opened=\"0\" data-image-meta=\"{&quot;aperture&quot;:&quot;0&quot;,&quot;credit&quot;:&quot;&quot;,&quot;camera&quot;:&quot;&quot;,&quot;caption&quot;:&quot;&quot;,&quot;created_timestamp&quot;:&quot;0&quot;,&quot;copyright&quot;:&quot;&quot;,&quot;focal_length&quot;:&quot;0&quot;,&quot;iso&quot;:&quot;0&quot;,&quot;shutter_speed&quot;:&quot;0&quot;,&quot;title&quot;:&quot;&quot;,&quot;orientation&quot;:&quot;1&quot;}\" data-image-title=\"Briggs Group acquired IFM\" data-image-description=\"\" data-image-caption=\"\" data-large-file=\"https:\/\/i0.wp.com\/projectcargoglobal.com\/wp-content\/uploads\/2026\/04\/Briggs-Group-acquired-IFM.jpeg?fit=640%2C356&amp;ssl=1\" \/><\/a>\n<h4 class=\"pt-cv-title\"><a href=\"https:\/\/projectcargoglobal.com\/?p=22967\" class=\"_self\" target=\"_self\" >Briggs acquired by pension capital investor IFM<\/a><\/h4><\/div><\/div>\n<div class=\"col-md-2 col-sm-3 col-xs-12 pt-cv-content-item pt-cv-1-col\" ><div class='pt-cv-ifield'><a href=\"https:\/\/projectcargoglobal.com\/?p=22961\" class=\"_self pt-cv-href-thumbnail pt-cv-thumb-default\" target=\"_self\" ><img loading=\"lazy\" decoding=\"async\" width=\"130\" height=\"90\" src=\"https:\/\/i0.wp.com\/projectcargoglobal.com\/wp-content\/uploads\/2026\/04\/Tadano-forestation-.jpeg?resize=130%2C90&amp;ssl=1\" class=\"pt-cv-thumbnail\" alt=\"\" srcset=\"https:\/\/i0.wp.com\/projectcargoglobal.com\/wp-content\/uploads\/2026\/04\/Tadano-forestation-.jpeg?resize=392%2C272&amp;ssl=1 392w, https:\/\/i0.wp.com\/projectcargoglobal.com\/wp-content\/uploads\/2026\/04\/Tadano-forestation-.jpeg?resize=130%2C90&amp;ssl=1 130w, https:\/\/i0.wp.com\/projectcargoglobal.com\/wp-content\/uploads\/2026\/04\/Tadano-forestation-.jpeg?zoom=2&amp;resize=130%2C90&amp;ssl=1 260w\" sizes=\"auto, (max-width: 130px) 100vw, 130px\" data-attachment-id=\"22962\" data-permalink=\"https:\/\/projectcargoglobal.com\/?attachment_id=22962\" data-orig-file=\"https:\/\/i0.wp.com\/projectcargoglobal.com\/wp-content\/uploads\/2026\/04\/Tadano-forestation-.jpeg?fit=640%2C356&amp;ssl=1\" data-orig-size=\"640,356\" data-comments-opened=\"0\" data-image-meta=\"{&quot;aperture&quot;:&quot;3.6&quot;,&quot;credit&quot;:&quot;&quot;,&quot;camera&quot;:&quot;HC-VX2MS&quot;,&quot;caption&quot;:&quot;&quot;,&quot;created_timestamp&quot;:&quot;1775908655&quot;,&quot;copyright&quot;:&quot;&quot;,&quot;focal_length&quot;:&quot;5.1&quot;,&quot;iso&quot;:&quot;0&quot;,&quot;shutter_speed&quot;:&quot;0.002&quot;,&quot;title&quot;:&quot;&quot;,&quot;orientation&quot;:&quot;1&quot;}\" data-image-title=\"Tadano forestation\" data-image-description=\"\" data-image-caption=\"\" data-large-file=\"https:\/\/i0.wp.com\/projectcargoglobal.com\/wp-content\/uploads\/2026\/04\/Tadano-forestation-.jpeg?fit=640%2C356&amp;ssl=1\" \/><\/a>\n<h4 class=\"pt-cv-title\"><a href=\"https:\/\/projectcargoglobal.com\/?p=22961\" class=\"_self\" target=\"_self\" >Tadano continues forestation activities<\/a><\/h4><\/div><\/div>\n<div class=\"col-md-4 col-sm-3 col-xs-12 pt-cv-content-item pt-cv-1-col\" ><div class='pt-cv-ifield'><a href=\"https:\/\/projectcargoglobal.com\/?p=22954\" class=\"_self pt-cv-href-thumbnail pt-cv-thumb-default\" target=\"_self\" ><img loading=\"lazy\" decoding=\"async\" width=\"130\" height=\"90\" src=\"https:\/\/i0.wp.com\/projectcargoglobal.com\/wp-content\/uploads\/2026\/04\/Livo-Logistics-handles-transformers-.jpeg?resize=130%2C90&amp;ssl=1\" class=\"pt-cv-thumbnail\" alt=\"\" srcset=\"https:\/\/i0.wp.com\/projectcargoglobal.com\/wp-content\/uploads\/2026\/04\/Livo-Logistics-handles-transformers-.jpeg?resize=392%2C272&amp;ssl=1 392w, https:\/\/i0.wp.com\/projectcargoglobal.com\/wp-content\/uploads\/2026\/04\/Livo-Logistics-handles-transformers-.jpeg?resize=130%2C90&amp;ssl=1 130w, https:\/\/i0.wp.com\/projectcargoglobal.com\/wp-content\/uploads\/2026\/04\/Livo-Logistics-handles-transformers-.jpeg?zoom=2&amp;resize=130%2C90&amp;ssl=1 260w\" sizes=\"auto, (max-width: 130px) 100vw, 130px\" data-attachment-id=\"22955\" data-permalink=\"https:\/\/projectcargoglobal.com\/?attachment_id=22955\" data-orig-file=\"https:\/\/i0.wp.com\/projectcargoglobal.com\/wp-content\/uploads\/2026\/04\/Livo-Logistics-handles-transformers-.jpeg?fit=640%2C356&amp;ssl=1\" data-orig-size=\"640,356\" data-comments-opened=\"0\" data-image-meta=\"{&quot;aperture&quot;:&quot;0&quot;,&quot;credit&quot;:&quot;&quot;,&quot;camera&quot;:&quot;&quot;,&quot;caption&quot;:&quot;&quot;,&quot;created_timestamp&quot;:&quot;0&quot;,&quot;copyright&quot;:&quot;&quot;,&quot;focal_length&quot;:&quot;0&quot;,&quot;iso&quot;:&quot;0&quot;,&quot;shutter_speed&quot;:&quot;0&quot;,&quot;title&quot;:&quot;&quot;,&quot;orientation&quot;:&quot;1&quot;}\" data-image-title=\"Livo Logistics handles transformers\" data-image-description=\"\" data-image-caption=\"\" data-large-file=\"https:\/\/i0.wp.com\/projectcargoglobal.com\/wp-content\/uploads\/2026\/04\/Livo-Logistics-handles-transformers-.jpeg?fit=640%2C356&amp;ssl=1\" \/><\/a>\n<h4 class=\"pt-cv-title\"><a href=\"https:\/\/projectcargoglobal.com\/?p=22954\" class=\"_self\" target=\"_self\" >Livo Logistics manages complex transportation<\/a><\/h4><\/div><\/div>\n<div class=\"col-md-2 col-sm-3 col-xs-12 pt-cv-content-item pt-cv-1-col\" ><div class='pt-cv-ifield'><a href=\"https:\/\/projectcargoglobal.com\/?p=22952\" class=\"_self pt-cv-href-thumbnail pt-cv-thumb-default\" target=\"_self\" ><img loading=\"lazy\" decoding=\"async\" width=\"130\" height=\"90\" src=\"https:\/\/i0.wp.com\/projectcargoglobal.com\/wp-content\/uploads\/2025\/11\/Kalmar-ArcelorMittal.jpeg?resize=130%2C90&amp;ssl=1\" class=\"pt-cv-thumbnail\" alt=\"\" srcset=\"https:\/\/i0.wp.com\/projectcargoglobal.com\/wp-content\/uploads\/2025\/11\/Kalmar-ArcelorMittal.jpeg?resize=392%2C272&amp;ssl=1 392w, https:\/\/i0.wp.com\/projectcargoglobal.com\/wp-content\/uploads\/2025\/11\/Kalmar-ArcelorMittal.jpeg?resize=130%2C90&amp;ssl=1 130w, https:\/\/i0.wp.com\/projectcargoglobal.com\/wp-content\/uploads\/2025\/11\/Kalmar-ArcelorMittal.jpeg?zoom=2&amp;resize=130%2C90&amp;ssl=1 260w\" sizes=\"auto, (max-width: 130px) 100vw, 130px\" data-attachment-id=\"21893\" data-permalink=\"https:\/\/projectcargoglobal.com\/?attachment_id=21893\" data-orig-file=\"https:\/\/i0.wp.com\/projectcargoglobal.com\/wp-content\/uploads\/2025\/11\/Kalmar-ArcelorMittal.jpeg?fit=640%2C356&amp;ssl=1\" data-orig-size=\"640,356\" data-comments-opened=\"0\" data-image-meta=\"{&quot;aperture&quot;:&quot;5&quot;,&quot;credit&quot;:&quot;ANDREW CLELLAND&quot;,&quot;camera&quot;:&quot;Canon EOS 5D Mark IV&quot;,&quot;caption&quot;:&quot;&quot;,&quot;created_timestamp&quot;:&quot;1761133086&quot;,&quot;copyright&quot;:&quot;ANDREW CLELLAND \/ SECABLUE&quot;,&quot;focal_length&quot;:&quot;16&quot;,&quot;iso&quot;:&quot;400&quot;,&quot;shutter_speed&quot;:&quot;0.008&quot;,&quot;title&quot;:&quot;&quot;,&quot;orientation&quot;:&quot;1&quot;}\" data-image-title=\"Kalmar ArcelorMittal\" data-image-description=\"\" data-image-caption=\"\" data-large-file=\"https:\/\/i0.wp.com\/projectcargoglobal.com\/wp-content\/uploads\/2025\/11\/Kalmar-ArcelorMittal.jpeg?fit=640%2C356&amp;ssl=1\" \/><\/a>\n<h4 class=\"pt-cv-title\"><a href=\"https:\/\/projectcargoglobal.com\/?p=22952\" class=\"_self\" target=\"_self\" >Kalmar appoints Tamara de Gruyter as President of Services<\/a><\/h4><\/div><\/div>\n<div class=\"col-md-2 col-sm-3 col-xs-12 pt-cv-content-item pt-cv-1-col\" ><div class='pt-cv-ifield'><a href=\"https:\/\/projectcargoglobal.com\/?p=22949\" class=\"_self pt-cv-href-thumbnail pt-cv-thumb-default\" target=\"_self\" ><img loading=\"lazy\" decoding=\"async\" width=\"130\" height=\"90\" src=\"https:\/\/i0.wp.com\/projectcargoglobal.com\/wp-content\/uploads\/2026\/04\/Bertling-head-office-new-.jpeg?resize=130%2C90&amp;ssl=1\" class=\"pt-cv-thumbnail\" alt=\"\" srcset=\"https:\/\/i0.wp.com\/projectcargoglobal.com\/wp-content\/uploads\/2026\/04\/Bertling-head-office-new-.jpeg?resize=392%2C272&amp;ssl=1 392w, https:\/\/i0.wp.com\/projectcargoglobal.com\/wp-content\/uploads\/2026\/04\/Bertling-head-office-new-.jpeg?resize=130%2C90&amp;ssl=1 130w, https:\/\/i0.wp.com\/projectcargoglobal.com\/wp-content\/uploads\/2026\/04\/Bertling-head-office-new-.jpeg?zoom=2&amp;resize=130%2C90&amp;ssl=1 260w\" sizes=\"auto, (max-width: 130px) 100vw, 130px\" data-attachment-id=\"22950\" data-permalink=\"https:\/\/projectcargoglobal.com\/?attachment_id=22950\" data-orig-file=\"https:\/\/i0.wp.com\/projectcargoglobal.com\/wp-content\/uploads\/2026\/04\/Bertling-head-office-new-.jpeg?fit=640%2C356&amp;ssl=1\" data-orig-size=\"640,356\" data-comments-opened=\"0\" data-image-meta=\"{&quot;aperture&quot;:&quot;0&quot;,&quot;credit&quot;:&quot;&quot;,&quot;camera&quot;:&quot;&quot;,&quot;caption&quot;:&quot;&quot;,&quot;created_timestamp&quot;:&quot;0&quot;,&quot;copyright&quot;:&quot;&quot;,&quot;focal_length&quot;:&quot;0&quot;,&quot;iso&quot;:&quot;0&quot;,&quot;shutter_speed&quot;:&quot;0&quot;,&quot;title&quot;:&quot;&quot;,&quot;orientation&quot;:&quot;1&quot;}\" data-image-title=\"Bertling head office new\" data-image-description=\"\" data-image-caption=\"\" data-large-file=\"https:\/\/i0.wp.com\/projectcargoglobal.com\/wp-content\/uploads\/2026\/04\/Bertling-head-office-new-.jpeg?fit=640%2C356&amp;ssl=1\" \/><\/a>\n<h4 class=\"pt-cv-title\"><a href=\"https:\/\/projectcargoglobal.com\/?p=22949\" class=\"_self\" target=\"_self\" >New Bertling Head Office takes shape<\/a><\/h4><\/div><\/div>\n<div class=\"col-md-2 col-sm-3 col-xs-12 pt-cv-content-item pt-cv-1-col\" ><div class='pt-cv-ifield'><a href=\"https:\/\/projectcargoglobal.com\/?p=22945\" class=\"_self pt-cv-href-thumbnail pt-cv-thumb-default\" target=\"_self\" ><img loading=\"lazy\" decoding=\"async\" width=\"130\" height=\"90\" src=\"https:\/\/i0.wp.com\/projectcargoglobal.com\/wp-content\/uploads\/2026\/04\/Modern-Shipping-Agencies-CIS-.jpeg?resize=130%2C90&amp;ssl=1\" class=\"pt-cv-thumbnail\" alt=\"\" srcset=\"https:\/\/i0.wp.com\/projectcargoglobal.com\/wp-content\/uploads\/2026\/04\/Modern-Shipping-Agencies-CIS-.jpeg?resize=392%2C272&amp;ssl=1 392w, https:\/\/i0.wp.com\/projectcargoglobal.com\/wp-content\/uploads\/2026\/04\/Modern-Shipping-Agencies-CIS-.jpeg?resize=130%2C90&amp;ssl=1 130w, https:\/\/i0.wp.com\/projectcargoglobal.com\/wp-content\/uploads\/2026\/04\/Modern-Shipping-Agencies-CIS-.jpeg?zoom=2&amp;resize=130%2C90&amp;ssl=1 260w\" sizes=\"auto, (max-width: 130px) 100vw, 130px\" data-attachment-id=\"22946\" data-permalink=\"https:\/\/projectcargoglobal.com\/?attachment_id=22946\" data-orig-file=\"https:\/\/i0.wp.com\/projectcargoglobal.com\/wp-content\/uploads\/2026\/04\/Modern-Shipping-Agencies-CIS-.jpeg?fit=640%2C356&amp;ssl=1\" data-orig-size=\"640,356\" data-comments-opened=\"0\" data-image-meta=\"{&quot;aperture&quot;:&quot;0&quot;,&quot;credit&quot;:&quot;&quot;,&quot;camera&quot;:&quot;&quot;,&quot;caption&quot;:&quot;&quot;,&quot;created_timestamp&quot;:&quot;0&quot;,&quot;copyright&quot;:&quot;&quot;,&quot;focal_length&quot;:&quot;0&quot;,&quot;iso&quot;:&quot;0&quot;,&quot;shutter_speed&quot;:&quot;0&quot;,&quot;title&quot;:&quot;&quot;,&quot;orientation&quot;:&quot;1&quot;}\" data-image-title=\"Modern Shipping Agencies CIS\" data-image-description=\"\" data-image-caption=\"\" data-large-file=\"https:\/\/i0.wp.com\/projectcargoglobal.com\/wp-content\/uploads\/2026\/04\/Modern-Shipping-Agencies-CIS-.jpeg?fit=640%2C356&amp;ssl=1\" \/><\/a>\n<h4 class=\"pt-cv-title\"><a href=\"https:\/\/projectcargoglobal.com\/?p=22945\" class=\"_self\" target=\"_self\" >Modern Shipping Agencies establishes CIS transit solution<\/a><\/h4><\/div><\/div>\n<div class=\"col-md-2 col-sm-3 col-xs-12 pt-cv-content-item pt-cv-1-col\" ><div class='pt-cv-ifield'><a href=\"https:\/\/projectcargoglobal.com\/?p=22942\" class=\"_self pt-cv-href-thumbnail pt-cv-thumb-default\" target=\"_self\" ><img loading=\"lazy\" decoding=\"async\" width=\"130\" height=\"90\" src=\"https:\/\/i0.wp.com\/projectcargoglobal.com\/wp-content\/uploads\/2026\/04\/TIISCHEUERLE-German-wind-farm-project-.jpeg?resize=130%2C90&amp;ssl=1\" class=\"pt-cv-thumbnail\" alt=\"\" srcset=\"https:\/\/i0.wp.com\/projectcargoglobal.com\/wp-content\/uploads\/2026\/04\/TIISCHEUERLE-German-wind-farm-project-.jpeg?resize=392%2C272&amp;ssl=1 392w, https:\/\/i0.wp.com\/projectcargoglobal.com\/wp-content\/uploads\/2026\/04\/TIISCHEUERLE-German-wind-farm-project-.jpeg?resize=130%2C90&amp;ssl=1 130w, https:\/\/i0.wp.com\/projectcargoglobal.com\/wp-content\/uploads\/2026\/04\/TIISCHEUERLE-German-wind-farm-project-.jpeg?zoom=2&amp;resize=130%2C90&amp;ssl=1 260w\" sizes=\"auto, (max-width: 130px) 100vw, 130px\" data-attachment-id=\"22943\" data-permalink=\"https:\/\/projectcargoglobal.com\/?attachment_id=22943\" data-orig-file=\"https:\/\/i0.wp.com\/projectcargoglobal.com\/wp-content\/uploads\/2026\/04\/TIISCHEUERLE-German-wind-farm-project-.jpeg?fit=640%2C356&amp;ssl=1\" data-orig-size=\"640,356\" data-comments-opened=\"0\" data-image-meta=\"{&quot;aperture&quot;:&quot;0&quot;,&quot;credit&quot;:&quot;&quot;,&quot;camera&quot;:&quot;&quot;,&quot;caption&quot;:&quot;&quot;,&quot;created_timestamp&quot;:&quot;0&quot;,&quot;copyright&quot;:&quot;&quot;,&quot;focal_length&quot;:&quot;0&quot;,&quot;iso&quot;:&quot;0&quot;,&quot;shutter_speed&quot;:&quot;0&quot;,&quot;title&quot;:&quot;&quot;,&quot;orientation&quot;:&quot;1&quot;}\" data-image-title=\"TIISCHEUERLE German wind farm project\" data-image-description=\"\" data-image-caption=\"\" data-large-file=\"https:\/\/i0.wp.com\/projectcargoglobal.com\/wp-content\/uploads\/2026\/04\/TIISCHEUERLE-German-wind-farm-project-.jpeg?fit=640%2C356&amp;ssl=1\" \/><\/a>\n<h4 class=\"pt-cv-title\"><a href=\"https:\/\/projectcargoglobal.com\/?p=22942\" class=\"_self\" target=\"_self\" >Wind farm project utilises SCHEUERLE BladeLifter systems<\/a><\/h4><\/div><\/div>\n<div class=\"col-md-4 col-sm-3 col-xs-12 pt-cv-content-item pt-cv-1-col\" ><div class='pt-cv-ifield'><a href=\"https:\/\/projectcargoglobal.com\/?p=22939\" class=\"_self pt-cv-href-thumbnail pt-cv-thumb-default\" target=\"_self\" ><img loading=\"lazy\" decoding=\"async\" width=\"130\" height=\"90\" src=\"https:\/\/i0.wp.com\/projectcargoglobal.com\/wp-content\/uploads\/2026\/04\/DEME-celebrates-milestone-2026.jpeg?resize=130%2C90&amp;ssl=1\" class=\"pt-cv-thumbnail\" alt=\"\" srcset=\"https:\/\/i0.wp.com\/projectcargoglobal.com\/wp-content\/uploads\/2026\/04\/DEME-celebrates-milestone-2026.jpeg?resize=392%2C272&amp;ssl=1 392w, https:\/\/i0.wp.com\/projectcargoglobal.com\/wp-content\/uploads\/2026\/04\/DEME-celebrates-milestone-2026.jpeg?resize=130%2C90&amp;ssl=1 130w, https:\/\/i0.wp.com\/projectcargoglobal.com\/wp-content\/uploads\/2026\/04\/DEME-celebrates-milestone-2026.jpeg?zoom=2&amp;resize=130%2C90&amp;ssl=1 260w\" sizes=\"auto, (max-width: 130px) 100vw, 130px\" data-attachment-id=\"22940\" data-permalink=\"https:\/\/projectcargoglobal.com\/?attachment_id=22940\" data-orig-file=\"https:\/\/i0.wp.com\/projectcargoglobal.com\/wp-content\/uploads\/2026\/04\/DEME-celebrates-milestone-2026.jpeg?fit=640%2C356&amp;ssl=1\" data-orig-size=\"640,356\" data-comments-opened=\"0\" data-image-meta=\"{&quot;aperture&quot;:&quot;0&quot;,&quot;credit&quot;:&quot;&quot;,&quot;camera&quot;:&quot;&quot;,&quot;caption&quot;:&quot;&quot;,&quot;created_timestamp&quot;:&quot;0&quot;,&quot;copyright&quot;:&quot;&quot;,&quot;focal_length&quot;:&quot;0&quot;,&quot;iso&quot;:&quot;0&quot;,&quot;shutter_speed&quot;:&quot;0&quot;,&quot;title&quot;:&quot;&quot;,&quot;orientation&quot;:&quot;1&quot;}\" data-image-title=\"DEME celebrates milestone 2026\" data-image-description=\"\" data-image-caption=\"\" data-large-file=\"https:\/\/i0.wp.com\/projectcargoglobal.com\/wp-content\/uploads\/2026\/04\/DEME-celebrates-milestone-2026.jpeg?fit=640%2C356&amp;ssl=1\" \/><\/a>\n<h4 class=\"pt-cv-title\"><a href=\"https:\/\/projectcargoglobal.com\/?p=22939\" class=\"_self\" target=\"_self\" >DEME celebrates milestone anniversary<\/a><\/h4><\/div><\/div>\n<div class=\"col-md-2 col-sm-3 col-xs-12 pt-cv-content-item pt-cv-1-col\" ><div class='pt-cv-ifield'><a href=\"https:\/\/projectcargoglobal.com\/?p=22936\" class=\"_self pt-cv-href-thumbnail pt-cv-thumb-default\" target=\"_self\" ><img loading=\"lazy\" decoding=\"async\" width=\"130\" height=\"90\" src=\"https:\/\/i0.wp.com\/projectcargoglobal.com\/wp-content\/uploads\/2026\/04\/PCN-Logistix-.jpeg?resize=130%2C90&amp;ssl=1\" class=\"pt-cv-thumbnail\" alt=\"\" srcset=\"https:\/\/i0.wp.com\/projectcargoglobal.com\/wp-content\/uploads\/2026\/04\/PCN-Logistix-.jpeg?resize=392%2C272&amp;ssl=1 392w, https:\/\/i0.wp.com\/projectcargoglobal.com\/wp-content\/uploads\/2026\/04\/PCN-Logistix-.jpeg?resize=130%2C90&amp;ssl=1 130w, https:\/\/i0.wp.com\/projectcargoglobal.com\/wp-content\/uploads\/2026\/04\/PCN-Logistix-.jpeg?zoom=2&amp;resize=130%2C90&amp;ssl=1 260w\" sizes=\"auto, (max-width: 130px) 100vw, 130px\" data-attachment-id=\"22937\" data-permalink=\"https:\/\/projectcargoglobal.com\/?attachment_id=22937\" data-orig-file=\"https:\/\/i0.wp.com\/projectcargoglobal.com\/wp-content\/uploads\/2026\/04\/PCN-Logistix-.jpeg?fit=640%2C356&amp;ssl=1\" data-orig-size=\"640,356\" data-comments-opened=\"0\" data-image-meta=\"{&quot;aperture&quot;:&quot;0&quot;,&quot;credit&quot;:&quot;&quot;,&quot;camera&quot;:&quot;&quot;,&quot;caption&quot;:&quot;&quot;,&quot;created_timestamp&quot;:&quot;0&quot;,&quot;copyright&quot;:&quot;&quot;,&quot;focal_length&quot;:&quot;0&quot;,&quot;iso&quot;:&quot;0&quot;,&quot;shutter_speed&quot;:&quot;0&quot;,&quot;title&quot;:&quot;&quot;,&quot;orientation&quot;:&quot;1&quot;}\" data-image-title=\"PCN Logistix\" data-image-description=\"\" data-image-caption=\"\" data-large-file=\"https:\/\/i0.wp.com\/projectcargoglobal.com\/wp-content\/uploads\/2026\/04\/PCN-Logistix-.jpeg?fit=640%2C356&amp;ssl=1\" \/><\/a>\n<h4 class=\"pt-cv-title\"><a href=\"https:\/\/projectcargoglobal.com\/?p=22936\" class=\"_self\" target=\"_self\" >PCN welcomes Logistix Tanzania<\/a><\/h4><\/div><\/div>\n<div class=\"col-md-2 col-sm-3 col-xs-12 pt-cv-content-item pt-cv-1-col\" ><div class='pt-cv-ifield'><a href=\"https:\/\/projectcargoglobal.com\/?p=22917\" class=\"_self pt-cv-href-thumbnail pt-cv-thumb-default\" target=\"_self\" ><img loading=\"lazy\" decoding=\"async\" width=\"130\" height=\"90\" src=\"https:\/\/i0.wp.com\/projectcargoglobal.com\/wp-content\/uploads\/2026\/04\/Sarens-US-Wind-Project.jpeg?resize=130%2C90&amp;ssl=1\" class=\"pt-cv-thumbnail\" alt=\"\" srcset=\"https:\/\/i0.wp.com\/projectcargoglobal.com\/wp-content\/uploads\/2026\/04\/Sarens-US-Wind-Project.jpeg?resize=392%2C272&amp;ssl=1 392w, https:\/\/i0.wp.com\/projectcargoglobal.com\/wp-content\/uploads\/2026\/04\/Sarens-US-Wind-Project.jpeg?resize=130%2C90&amp;ssl=1 130w, https:\/\/i0.wp.com\/projectcargoglobal.com\/wp-content\/uploads\/2026\/04\/Sarens-US-Wind-Project.jpeg?zoom=2&amp;resize=130%2C90&amp;ssl=1 260w\" sizes=\"auto, (max-width: 130px) 100vw, 130px\" data-attachment-id=\"22918\" data-permalink=\"https:\/\/projectcargoglobal.com\/?attachment_id=22918\" data-orig-file=\"https:\/\/i0.wp.com\/projectcargoglobal.com\/wp-content\/uploads\/2026\/04\/Sarens-US-Wind-Project.jpeg?fit=640%2C356&amp;ssl=1\" data-orig-size=\"640,356\" data-comments-opened=\"0\" data-image-meta=\"{&quot;aperture&quot;:&quot;1.7&quot;,&quot;credit&quot;:&quot;&quot;,&quot;camera&quot;:&quot;Galaxy S24 Ultra&quot;,&quot;caption&quot;:&quot;&quot;,&quot;created_timestamp&quot;:&quot;1729102887&quot;,&quot;copyright&quot;:&quot;&quot;,&quot;focal_length&quot;:&quot;6.3&quot;,&quot;iso&quot;:&quot;160&quot;,&quot;shutter_speed&quot;:&quot;0.0083333333333333&quot;,&quot;title&quot;:&quot;&quot;,&quot;orientation&quot;:&quot;1&quot;}\" data-image-title=\"Sarens US Wind Project\" data-image-description=\"\" data-image-caption=\"\" data-large-file=\"https:\/\/i0.wp.com\/projectcargoglobal.com\/wp-content\/uploads\/2026\/04\/Sarens-US-Wind-Project.jpeg?fit=640%2C356&amp;ssl=1\" \/><\/a>\n<h4 class=\"pt-cv-title\"><a href=\"https:\/\/projectcargoglobal.com\/?p=22917\" class=\"_self\" target=\"_self\" >Sarens drives US wind projects to the final stage<\/a><\/h4><\/div><\/div>\n<div class=\"col-md-2 col-sm-3 col-xs-12 pt-cv-content-item pt-cv-1-col\" ><div class='pt-cv-ifield'><a href=\"https:\/\/projectcargoglobal.com\/?p=22927\" class=\"_self pt-cv-href-thumbnail pt-cv-thumb-default\" target=\"_self\" ><img loading=\"lazy\" decoding=\"async\" width=\"130\" height=\"90\" src=\"https:\/\/i0.wp.com\/projectcargoglobal.com\/wp-content\/uploads\/2026\/04\/DEME-King-.jpeg?resize=130%2C90&amp;ssl=1\" class=\"pt-cv-thumbnail\" alt=\"\" srcset=\"https:\/\/i0.wp.com\/projectcargoglobal.com\/wp-content\/uploads\/2026\/04\/DEME-King-.jpeg?resize=392%2C272&amp;ssl=1 392w, https:\/\/i0.wp.com\/projectcargoglobal.com\/wp-content\/uploads\/2026\/04\/DEME-King-.jpeg?resize=130%2C90&amp;ssl=1 130w, https:\/\/i0.wp.com\/projectcargoglobal.com\/wp-content\/uploads\/2026\/04\/DEME-King-.jpeg?zoom=2&amp;resize=130%2C90&amp;ssl=1 260w\" sizes=\"auto, (max-width: 130px) 100vw, 130px\" data-attachment-id=\"22930\" data-permalink=\"https:\/\/projectcargoglobal.com\/?attachment_id=22930\" data-orig-file=\"https:\/\/i0.wp.com\/projectcargoglobal.com\/wp-content\/uploads\/2026\/04\/DEME-King-.jpeg?fit=640%2C356&amp;ssl=1\" data-orig-size=\"640,356\" data-comments-opened=\"0\" data-image-meta=\"{&quot;aperture&quot;:&quot;0&quot;,&quot;credit&quot;:&quot;&quot;,&quot;camera&quot;:&quot;&quot;,&quot;caption&quot;:&quot;&quot;,&quot;created_timestamp&quot;:&quot;0&quot;,&quot;copyright&quot;:&quot;&quot;,&quot;focal_length&quot;:&quot;0&quot;,&quot;iso&quot;:&quot;0&quot;,&quot;shutter_speed&quot;:&quot;0&quot;,&quot;title&quot;:&quot;&quot;,&quot;orientation&quot;:&quot;1&quot;}\" data-image-title=\"DEME King\" data-image-description=\"\" data-image-caption=\"\" data-large-file=\"https:\/\/i0.wp.com\/projectcargoglobal.com\/wp-content\/uploads\/2026\/04\/DEME-King-.jpeg?fit=640%2C356&amp;ssl=1\" \/><\/a>\n<h4 class=\"pt-cv-title\"><a href=\"https:\/\/projectcargoglobal.com\/?p=22927\" class=\"_self\" target=\"_self\" >DEME welcomes His Majesty King Philippe of the Belgians<\/a><\/h4><\/div><\/div>\n<div class=\"col-md-2 col-sm-3 col-xs-12 pt-cv-content-item pt-cv-1-col\" ><div class='pt-cv-ifield'><a href=\"https:\/\/projectcargoglobal.com\/?p=22932\" class=\"_self pt-cv-href-thumbnail pt-cv-thumb-default\" target=\"_self\" ><img loading=\"lazy\" decoding=\"async\" width=\"130\" height=\"90\" src=\"https:\/\/i0.wp.com\/projectcargoglobal.com\/wp-content\/uploads\/2026\/04\/Broekman-tower-operations-.jpeg?resize=130%2C90&amp;ssl=1\" class=\"pt-cv-thumbnail\" alt=\"\" srcset=\"https:\/\/i0.wp.com\/projectcargoglobal.com\/wp-content\/uploads\/2026\/04\/Broekman-tower-operations-.jpeg?resize=392%2C272&amp;ssl=1 392w, https:\/\/i0.wp.com\/projectcargoglobal.com\/wp-content\/uploads\/2026\/04\/Broekman-tower-operations-.jpeg?resize=130%2C90&amp;ssl=1 130w, https:\/\/i0.wp.com\/projectcargoglobal.com\/wp-content\/uploads\/2026\/04\/Broekman-tower-operations-.jpeg?zoom=2&amp;resize=130%2C90&amp;ssl=1 260w\" sizes=\"auto, (max-width: 130px) 100vw, 130px\" data-attachment-id=\"22933\" data-permalink=\"https:\/\/projectcargoglobal.com\/?attachment_id=22933\" data-orig-file=\"https:\/\/i0.wp.com\/projectcargoglobal.com\/wp-content\/uploads\/2026\/04\/Broekman-tower-operations-.jpeg?fit=640%2C356&amp;ssl=1\" data-orig-size=\"640,356\" data-comments-opened=\"0\" data-image-meta=\"{&quot;aperture&quot;:&quot;0&quot;,&quot;credit&quot;:&quot;&quot;,&quot;camera&quot;:&quot;&quot;,&quot;caption&quot;:&quot;&quot;,&quot;created_timestamp&quot;:&quot;0&quot;,&quot;copyright&quot;:&quot;&quot;,&quot;focal_length&quot;:&quot;0&quot;,&quot;iso&quot;:&quot;0&quot;,&quot;shutter_speed&quot;:&quot;0&quot;,&quot;title&quot;:&quot;&quot;,&quot;orientation&quot;:&quot;1&quot;}\" data-image-title=\"Broekman tower operations\" data-image-description=\"\" data-image-caption=\"\" data-large-file=\"https:\/\/i0.wp.com\/projectcargoglobal.com\/wp-content\/uploads\/2026\/04\/Broekman-tower-operations-.jpeg?fit=640%2C356&amp;ssl=1\" \/><\/a>\n<h4 class=\"pt-cv-title\"><a href=\"https:\/\/projectcargoglobal.com\/?p=22932\" class=\"_self\" target=\"_self\" >Broekman coordinates tower operation<\/a><\/h4><\/div><\/div>\n<div class=\"col-md-4 col-sm-3 col-xs-12 pt-cv-content-item pt-cv-1-col\" ><div class='pt-cv-ifield'><a href=\"https:\/\/projectcargoglobal.com\/?p=22920\" class=\"_self pt-cv-href-thumbnail pt-cv-thumb-default\" target=\"_self\" ><img loading=\"lazy\" decoding=\"async\" width=\"130\" height=\"90\" src=\"https:\/\/i0.wp.com\/projectcargoglobal.com\/wp-content\/uploads\/2026\/04\/Hoegh-newbuild-.jpg?resize=130%2C90&amp;ssl=1\" class=\"pt-cv-thumbnail\" alt=\"\" srcset=\"https:\/\/i0.wp.com\/projectcargoglobal.com\/wp-content\/uploads\/2026\/04\/Hoegh-newbuild-.jpg?resize=392%2C272&amp;ssl=1 392w, https:\/\/i0.wp.com\/projectcargoglobal.com\/wp-content\/uploads\/2026\/04\/Hoegh-newbuild-.jpg?resize=130%2C90&amp;ssl=1 130w, https:\/\/i0.wp.com\/projectcargoglobal.com\/wp-content\/uploads\/2026\/04\/Hoegh-newbuild-.jpg?zoom=2&amp;resize=130%2C90&amp;ssl=1 260w\" sizes=\"auto, (max-width: 130px) 100vw, 130px\" data-attachment-id=\"22921\" data-permalink=\"https:\/\/projectcargoglobal.com\/?attachment_id=22921\" data-orig-file=\"https:\/\/i0.wp.com\/projectcargoglobal.com\/wp-content\/uploads\/2026\/04\/Hoegh-newbuild-.jpg?fit=640%2C356&amp;ssl=1\" data-orig-size=\"640,356\" data-comments-opened=\"0\" data-image-meta=\"{&quot;aperture&quot;:&quot;0&quot;,&quot;credit&quot;:&quot;&quot;,&quot;camera&quot;:&quot;&quot;,&quot;caption&quot;:&quot;&quot;,&quot;created_timestamp&quot;:&quot;0&quot;,&quot;copyright&quot;:&quot;&quot;,&quot;focal_length&quot;:&quot;0&quot;,&quot;iso&quot;:&quot;0&quot;,&quot;shutter_speed&quot;:&quot;0&quot;,&quot;title&quot;:&quot;&quot;,&quot;orientation&quot;:&quot;1&quot;}\" data-image-title=\"Hoegh newbuild\" data-image-description=\"\" data-image-caption=\"\" data-large-file=\"https:\/\/i0.wp.com\/projectcargoglobal.com\/wp-content\/uploads\/2026\/04\/Hoegh-newbuild-.jpg?fit=640%2C356&amp;ssl=1\" \/><\/a>\n<h4 class=\"pt-cv-title\"><a href=\"https:\/\/projectcargoglobal.com\/?p=22920\" class=\"_self\" target=\"_self\" >Hoegh welcomes another newbuild to their fleet<\/a><\/h4><\/div><\/div><\/div><\/div><\/div><\/p>\n","protected":false},"excerpt":{"rendered":"<p>The French State and the Compagnie Nationale du Rh\u00f4ne (CNR) have officially awarded the management of the public ports of<\/p>\n","protected":false},"author":9,"featured_media":0,"comment_status":"closed","ping_status":"closed","sticky":false,"template":"","format":"standard","meta":{"colormag_page_container_layout":"default_layout","colormag_page_sidebar_layout":"default_layout","jetpack_post_was_ever_published":false,"_jetpack_newsletter_access":"","_jetpack_dont_email_post_to_subs":false,"_jetpack_newsletter_tier_id":0,"_jetpack_memberships_contains_paywalled_content":false,"_jetpack_memberships_contains_paid_content":false,"footnotes":"","jetpack_publicize_message":"","jetpack_publicize_feature_enabled":true,"jetpack_social_post_already_shared":false,"jetpack_social_options":{"image_generator_settings":{"template":"highway","default_image_id":0,"font":"","enabled":false},"version":2}},"categories":[4],"tags":[519],"class_list":["post-20753","post","type-post","status-publish","format-standard","hentry","category-latest-news","tag-rhenus"],"jetpack_publicize_connections":[],"jetpack_featured_media_url":"","jetpack_sharing_enabled":true,"jetpack_shortlink":"https:\/\/wp.me\/paPyrk-5oJ","jetpack-related-posts":[{"id":22269,"url":"https:\/\/projectcargoglobal.com\/?p=22269","url_meta":{"origin":20753,"position":0},"title":"Rhenus awarded EcoVadis Platinum Medal","author":"Project Cargo Global","date":"January 13, 2026","format":false,"excerpt":"Rhenus, a leading global logistics solutions provider, has been awarded the EcoVadis, the prestigious EcoVadis Platinum Medal in the latest assessment by EcoVadis, the globally recognized and independent provider of sustainability ratings. This places Rhenus among the top 1% of all companies evaluated worldwide in the past 12 months. The\u2026","rel":"","context":"In &quot;Latest News&quot;","block_context":{"text":"Latest News","link":"https:\/\/projectcargoglobal.com\/?cat=4"},"img":{"alt_text":"","src":"https:\/\/i0.wp.com\/projectcargoglobal.com\/wp-content\/uploads\/2026\/01\/Rhenus-EcoVadis-.jpg?fit=640%2C356&ssl=1&resize=350%2C200","width":350,"height":200,"srcset":"https:\/\/i0.wp.com\/projectcargoglobal.com\/wp-content\/uploads\/2026\/01\/Rhenus-EcoVadis-.jpg?fit=640%2C356&ssl=1&resize=350%2C200 1x, https:\/\/i0.wp.com\/projectcargoglobal.com\/wp-content\/uploads\/2026\/01\/Rhenus-EcoVadis-.jpg?fit=640%2C356&ssl=1&resize=525%2C300 1.5x"},"classes":[]},{"id":22730,"url":"https:\/\/projectcargoglobal.com\/?p=22730","url_meta":{"origin":20753,"position":1},"title":"Rhenus expands presence in Georgia","author":"Project Cargo Global","date":"March 19, 2026","format":false,"excerpt":"The Rhenus Group, a global logistics service provider headquartered in Germany, continues to strengthen its presence along the Trans-Caspian International Transport Route by opening a new office in Tbilisi, Georgia. With this step, Rhenus is now represented across all major markets of the Trans-Caspian Transport Corridor \u2013 T\u00fcrkiye, Georgia, Azerbaijan,\u2026","rel":"","context":"In &quot;Latest News&quot;","block_context":{"text":"Latest News","link":"https:\/\/projectcargoglobal.com\/?cat=4"},"img":{"alt_text":"","src":"https:\/\/i0.wp.com\/projectcargoglobal.com\/wp-content\/uploads\/2026\/03\/Rhenus-Georgia-expands-.jpg?fit=640%2C356&ssl=1&resize=350%2C200","width":350,"height":200,"srcset":"https:\/\/i0.wp.com\/projectcargoglobal.com\/wp-content\/uploads\/2026\/03\/Rhenus-Georgia-expands-.jpg?fit=640%2C356&ssl=1&resize=350%2C200 1x, https:\/\/i0.wp.com\/projectcargoglobal.com\/wp-content\/uploads\/2026\/03\/Rhenus-Georgia-expands-.jpg?fit=640%2C356&ssl=1&resize=525%2C300 1.5x"},"classes":[]},{"id":22896,"url":"https:\/\/projectcargoglobal.com\/?p=22896","url_meta":{"origin":20753,"position":2},"title":"Rhenus strengthens Asia\u2013LATAM trade","author":"Project Cargo Global","date":"April 20, 2026","format":false,"excerpt":"In a global environment marked by the acceleration of international trade, Rhenus Logistics reaffirms its position as one of the leading logistics companies in Latin America by consolidating the strategic Asia\u2013LATAM trade lane and recording unprecedented growth during the 2024\u20132025 period. Rhenus handled over 170,000 TEUs in full container load\u2026","rel":"","context":"In &quot;Latest News&quot;","block_context":{"text":"Latest News","link":"https:\/\/projectcargoglobal.com\/?cat=4"},"img":{"alt_text":"","src":"https:\/\/i0.wp.com\/projectcargoglobal.com\/wp-content\/uploads\/2026\/04\/Rhenus-Asia-LATAM-.jpg?fit=640%2C356&ssl=1&resize=350%2C200","width":350,"height":200,"srcset":"https:\/\/i0.wp.com\/projectcargoglobal.com\/wp-content\/uploads\/2026\/04\/Rhenus-Asia-LATAM-.jpg?fit=640%2C356&ssl=1&resize=350%2C200 1x, https:\/\/i0.wp.com\/projectcargoglobal.com\/wp-content\/uploads\/2026\/04\/Rhenus-Asia-LATAM-.jpg?fit=640%2C356&ssl=1&resize=525%2C300 1.5x"},"classes":[]},{"id":22345,"url":"https:\/\/projectcargoglobal.com\/?p=22345","url_meta":{"origin":20753,"position":3},"title":"Rhenus strengthens its Central Asia presence","author":"Project Cargo Global","date":"January 22, 2026","format":false,"excerpt":"The Rhenus Group announces the acquisition of its first rail-connected terminal in the Almaty region, Kazakhstan, strengthening its inland logistics presence along the Trans-Caspian International Transport Route (TITR). The investment marks a strategic step in the Rhenus Group\u2019s long-term approach to developing reliable, integrated logistics infrastructure across Central Asia and\u2026","rel":"","context":"In &quot;Latest News&quot;","block_context":{"text":"Latest News","link":"https:\/\/projectcargoglobal.com\/?cat=4"},"img":{"alt_text":"","src":"https:\/\/i0.wp.com\/projectcargoglobal.com\/wp-content\/uploads\/2026\/01\/Rhenus-Central-Asia-presence-.jpg?fit=640%2C356&ssl=1&resize=350%2C200","width":350,"height":200,"srcset":"https:\/\/i0.wp.com\/projectcargoglobal.com\/wp-content\/uploads\/2026\/01\/Rhenus-Central-Asia-presence-.jpg?fit=640%2C356&ssl=1&resize=350%2C200 1x, https:\/\/i0.wp.com\/projectcargoglobal.com\/wp-content\/uploads\/2026\/01\/Rhenus-Central-Asia-presence-.jpg?fit=640%2C356&ssl=1&resize=525%2C300 1.5x"},"classes":[]},{"id":21693,"url":"https:\/\/projectcargoglobal.com\/?p=21693","url_meta":{"origin":20753,"position":4},"title":"Rhenus supports energy transition","author":"Project Cargo Global","date":"October 30, 2025","format":false,"excerpt":"In 2024, renewable energy saw a record capacity growth worldwide, with 585 Gigawatt (GW) added, representing an overall annual growth of around 15%, which was largely driven by solar and wind energy. However, experts warn that in order to triple renewable energy generation capacity by 2030 and reach the COP28\u2026","rel":"","context":"In &quot;Latest News&quot;","block_context":{"text":"Latest News","link":"https:\/\/projectcargoglobal.com\/?cat=4"},"img":{"alt_text":"","src":"https:\/\/i0.wp.com\/projectcargoglobal.com\/wp-content\/uploads\/2025\/10\/Rhenus-renewable-energy-.jpg?fit=640%2C356&ssl=1&resize=350%2C200","width":350,"height":200,"srcset":"https:\/\/i0.wp.com\/projectcargoglobal.com\/wp-content\/uploads\/2025\/10\/Rhenus-renewable-energy-.jpg?fit=640%2C356&ssl=1&resize=350%2C200 1x, https:\/\/i0.wp.com\/projectcargoglobal.com\/wp-content\/uploads\/2025\/10\/Rhenus-renewable-energy-.jpg?fit=640%2C356&ssl=1&resize=525%2C300 1.5x"},"classes":[]},{"id":21328,"url":"https:\/\/projectcargoglobal.com\/?p=21328","url_meta":{"origin":20753,"position":5},"title":"Rhenus finalises integration of C. Hartwig Gdynia","author":"Project Cargo Global","date":"September 23, 2025","format":false,"excerpt":"As of 10th of September, C. Hartwig Gdynia S.A. is rebranded to Rhenus, operating under the legal entity Rhenus Air & Ocean Poland S.A. The company's name change is the culmination of the process of fully integrating one of Poland's oldest freight forwarding companies with the Rhenus Group, a global\u2026","rel":"","context":"In &quot;Latest News&quot;","block_context":{"text":"Latest News","link":"https:\/\/projectcargoglobal.com\/?cat=4"},"img":{"alt_text":"","src":"https:\/\/i0.wp.com\/projectcargoglobal.com\/wp-content\/uploads\/2025\/09\/Rhenus-C-Hartwig.jpg?fit=640%2C356&ssl=1&resize=350%2C200","width":350,"height":200,"srcset":"https:\/\/i0.wp.com\/projectcargoglobal.com\/wp-content\/uploads\/2025\/09\/Rhenus-C-Hartwig.jpg?fit=640%2C356&ssl=1&resize=350%2C200 1x, https:\/\/i0.wp.com\/projectcargoglobal.com\/wp-content\/uploads\/2025\/09\/Rhenus-C-Hartwig.jpg?fit=640%2C356&ssl=1&resize=525%2C300 1.5x"},"classes":[]}],"_links":{"self":[{"href":"https:\/\/projectcargoglobal.com\/index.php?rest_route=\/wp\/v2\/posts\/20753","targetHints":{"allow":["GET"]}}],"collection":[{"href":"https:\/\/projectcargoglobal.com\/index.php?rest_route=\/wp\/v2\/posts"}],"about":[{"href":"https:\/\/projectcargoglobal.com\/index.php?rest_route=\/wp\/v2\/types\/post"}],"author":[{"embeddable":true,"href":"https:\/\/projectcargoglobal.com\/index.php?rest_route=\/wp\/v2\/users\/9"}],"replies":[{"embeddable":true,"href":"https:\/\/projectcargoglobal.com\/index.php?rest_route=%2Fwp%2Fv2%2Fcomments&post=20753"}],"version-history":[{"count":1,"href":"https:\/\/projectcargoglobal.com\/index.php?rest_route=\/wp\/v2\/posts\/20753\/revisions"}],"predecessor-version":[{"id":20755,"href":"https:\/\/projectcargoglobal.com\/index.php?rest_route=\/wp\/v2\/posts\/20753\/revisions\/20755"}],"wp:attachment":[{"href":"https:\/\/projectcargoglobal.com\/index.php?rest_route=%2Fwp%2Fv2%2Fmedia&parent=20753"}],"wp:term":[{"taxonomy":"category","embeddable":true,"href":"https:\/\/projectcargoglobal.com\/index.php?rest_route=%2Fwp%2Fv2%2Fcategories&post=20753"},{"taxonomy":"post_tag","embeddable":true,"href":"https:\/\/projectcargoglobal.com\/index.php?rest_route=%2Fwp%2Fv2%2Ftags&post=20753"}],"curies":[{"name":"wp","href":"https:\/\/api.w.org\/{rel}","templated":true}]}}