{"id":20568,"date":"2025-07-07T12:23:49","date_gmt":"2025-07-07T12:23:49","guid":{"rendered":"https:\/\/projectcargoglobal.com\/?p=20568"},"modified":"2025-07-07T12:23:49","modified_gmt":"2025-07-07T12:23:49","slug":"wwpc-to-host-membership-conference-in-milan","status":"publish","type":"post","link":"https:\/\/projectcargoglobal.com\/?p=20568","title":{"rendered":"WWPC to host Membership Conference in Milan"},"content":{"rendered":"<p><strong>The Worldwide Project Consortium (WWPC) is pleased to announce its 23rd Membership Conference, taking place in Milan, Italy, October 5\u20138, 2025. <\/strong><\/p>\n<p>Network members, sponsors, and invited guests will gather for a dynamic program featuring insightful presentations, member-to-member meetings, and engaging social events, all set in one of Europe\u2019s most iconic cities.<\/p>\n<p>This year\u2019s conference holds special significance as WWPC celebrates its 25th anniversary. \u201cWe are determined to make sure this event leaves a lasting impression on all who attend. A very big Thank You goes to the WWPC Italian member Fioravanti SRL team of Riccardo Fioravanti, assisting us to prepare for our 23rd conference and 25 years anniversary celebration in Milan.\u201d says Wolfgang Karau, Director of the network.<\/p>\n<p>In alignment with its commitment to social responsibility, WWPC will support Children in Crisis Italy through its annual charity auction. Attendees will have the opportunity to bid on sponsored items, with all proceeds going toward the foundation\u2019s important work.<\/p>\n<p>WWPC looks forward to welcoming the global network to Milan for what promises to be a memorable and meaningful event.<\/p>\n<p>&nbsp;<br \/>\n&nbsp;<br \/>\n<div class=\"pt-cv-wrapper\"><div class=\"pt-cv-view pt-cv-grid pt-cv-colsys\" id=\"pt-cv-view-658c69ac71\"><div data-id=\"pt-cv-page-1\" class=\"pt-cv-page\" data-cvc=\"5\"><div class=\"col-md-2 col-sm-3 col-xs-12 pt-cv-content-item pt-cv-1-col\" ><div class='pt-cv-ifield'><a href=\"https:\/\/projectcargoglobal.com\/?p=22954\" class=\"_self pt-cv-href-thumbnail pt-cv-thumb-default\" target=\"_self\" ><img loading=\"lazy\" decoding=\"async\" width=\"130\" height=\"90\" src=\"https:\/\/i0.wp.com\/projectcargoglobal.com\/wp-content\/uploads\/2026\/04\/Livo-Logistics-handles-transformers-.jpeg?resize=130%2C90&amp;ssl=1\" class=\"pt-cv-thumbnail\" alt=\"\" srcset=\"https:\/\/i0.wp.com\/projectcargoglobal.com\/wp-content\/uploads\/2026\/04\/Livo-Logistics-handles-transformers-.jpeg?resize=392%2C272&amp;ssl=1 392w, https:\/\/i0.wp.com\/projectcargoglobal.com\/wp-content\/uploads\/2026\/04\/Livo-Logistics-handles-transformers-.jpeg?resize=130%2C90&amp;ssl=1 130w, https:\/\/i0.wp.com\/projectcargoglobal.com\/wp-content\/uploads\/2026\/04\/Livo-Logistics-handles-transformers-.jpeg?zoom=2&amp;resize=130%2C90&amp;ssl=1 260w\" sizes=\"auto, (max-width: 130px) 100vw, 130px\" data-attachment-id=\"22955\" data-permalink=\"https:\/\/projectcargoglobal.com\/?attachment_id=22955\" data-orig-file=\"https:\/\/i0.wp.com\/projectcargoglobal.com\/wp-content\/uploads\/2026\/04\/Livo-Logistics-handles-transformers-.jpeg?fit=640%2C356&amp;ssl=1\" data-orig-size=\"640,356\" data-comments-opened=\"0\" data-image-meta=\"{&quot;aperture&quot;:&quot;0&quot;,&quot;credit&quot;:&quot;&quot;,&quot;camera&quot;:&quot;&quot;,&quot;caption&quot;:&quot;&quot;,&quot;created_timestamp&quot;:&quot;0&quot;,&quot;copyright&quot;:&quot;&quot;,&quot;focal_length&quot;:&quot;0&quot;,&quot;iso&quot;:&quot;0&quot;,&quot;shutter_speed&quot;:&quot;0&quot;,&quot;title&quot;:&quot;&quot;,&quot;orientation&quot;:&quot;1&quot;}\" data-image-title=\"Livo Logistics handles transformers\" data-image-description=\"\" data-image-caption=\"\" data-large-file=\"https:\/\/i0.wp.com\/projectcargoglobal.com\/wp-content\/uploads\/2026\/04\/Livo-Logistics-handles-transformers-.jpeg?fit=640%2C356&amp;ssl=1\" \/><\/a>\n<h4 class=\"pt-cv-title\"><a href=\"https:\/\/projectcargoglobal.com\/?p=22954\" class=\"_self\" target=\"_self\" >Livo Logistics manages complex transportation<\/a><\/h4><\/div><\/div>\n<div class=\"col-md-2 col-sm-3 col-xs-12 pt-cv-content-item pt-cv-1-col\" ><div class='pt-cv-ifield'><a href=\"https:\/\/projectcargoglobal.com\/?p=22952\" class=\"_self pt-cv-href-thumbnail pt-cv-thumb-default\" target=\"_self\" ><img loading=\"lazy\" decoding=\"async\" width=\"130\" height=\"90\" src=\"https:\/\/i0.wp.com\/projectcargoglobal.com\/wp-content\/uploads\/2025\/11\/Kalmar-ArcelorMittal.jpeg?resize=130%2C90&amp;ssl=1\" class=\"pt-cv-thumbnail\" alt=\"\" srcset=\"https:\/\/i0.wp.com\/projectcargoglobal.com\/wp-content\/uploads\/2025\/11\/Kalmar-ArcelorMittal.jpeg?resize=392%2C272&amp;ssl=1 392w, https:\/\/i0.wp.com\/projectcargoglobal.com\/wp-content\/uploads\/2025\/11\/Kalmar-ArcelorMittal.jpeg?resize=130%2C90&amp;ssl=1 130w, https:\/\/i0.wp.com\/projectcargoglobal.com\/wp-content\/uploads\/2025\/11\/Kalmar-ArcelorMittal.jpeg?zoom=2&amp;resize=130%2C90&amp;ssl=1 260w\" sizes=\"auto, (max-width: 130px) 100vw, 130px\" data-attachment-id=\"21893\" data-permalink=\"https:\/\/projectcargoglobal.com\/?attachment_id=21893\" data-orig-file=\"https:\/\/i0.wp.com\/projectcargoglobal.com\/wp-content\/uploads\/2025\/11\/Kalmar-ArcelorMittal.jpeg?fit=640%2C356&amp;ssl=1\" data-orig-size=\"640,356\" data-comments-opened=\"0\" data-image-meta=\"{&quot;aperture&quot;:&quot;5&quot;,&quot;credit&quot;:&quot;ANDREW CLELLAND&quot;,&quot;camera&quot;:&quot;Canon EOS 5D Mark IV&quot;,&quot;caption&quot;:&quot;&quot;,&quot;created_timestamp&quot;:&quot;1761133086&quot;,&quot;copyright&quot;:&quot;ANDREW CLELLAND \/ SECABLUE&quot;,&quot;focal_length&quot;:&quot;16&quot;,&quot;iso&quot;:&quot;400&quot;,&quot;shutter_speed&quot;:&quot;0.008&quot;,&quot;title&quot;:&quot;&quot;,&quot;orientation&quot;:&quot;1&quot;}\" data-image-title=\"Kalmar ArcelorMittal\" data-image-description=\"\" data-image-caption=\"\" data-large-file=\"https:\/\/i0.wp.com\/projectcargoglobal.com\/wp-content\/uploads\/2025\/11\/Kalmar-ArcelorMittal.jpeg?fit=640%2C356&amp;ssl=1\" \/><\/a>\n<h4 class=\"pt-cv-title\"><a href=\"https:\/\/projectcargoglobal.com\/?p=22952\" class=\"_self\" target=\"_self\" >Kalmar appoints Tamara de Gruyter as President of Services<\/a><\/h4><\/div><\/div>\n<div class=\"col-md-2 col-sm-3 col-xs-12 pt-cv-content-item pt-cv-1-col\" ><div class='pt-cv-ifield'><a href=\"https:\/\/projectcargoglobal.com\/?p=22949\" class=\"_self pt-cv-href-thumbnail pt-cv-thumb-default\" target=\"_self\" ><img loading=\"lazy\" decoding=\"async\" width=\"130\" height=\"90\" src=\"https:\/\/i0.wp.com\/projectcargoglobal.com\/wp-content\/uploads\/2026\/04\/Bertling-head-office-new-.jpeg?resize=130%2C90&amp;ssl=1\" class=\"pt-cv-thumbnail\" alt=\"\" srcset=\"https:\/\/i0.wp.com\/projectcargoglobal.com\/wp-content\/uploads\/2026\/04\/Bertling-head-office-new-.jpeg?resize=392%2C272&amp;ssl=1 392w, https:\/\/i0.wp.com\/projectcargoglobal.com\/wp-content\/uploads\/2026\/04\/Bertling-head-office-new-.jpeg?resize=130%2C90&amp;ssl=1 130w, https:\/\/i0.wp.com\/projectcargoglobal.com\/wp-content\/uploads\/2026\/04\/Bertling-head-office-new-.jpeg?zoom=2&amp;resize=130%2C90&amp;ssl=1 260w\" sizes=\"auto, (max-width: 130px) 100vw, 130px\" data-attachment-id=\"22950\" data-permalink=\"https:\/\/projectcargoglobal.com\/?attachment_id=22950\" data-orig-file=\"https:\/\/i0.wp.com\/projectcargoglobal.com\/wp-content\/uploads\/2026\/04\/Bertling-head-office-new-.jpeg?fit=640%2C356&amp;ssl=1\" data-orig-size=\"640,356\" data-comments-opened=\"0\" data-image-meta=\"{&quot;aperture&quot;:&quot;0&quot;,&quot;credit&quot;:&quot;&quot;,&quot;camera&quot;:&quot;&quot;,&quot;caption&quot;:&quot;&quot;,&quot;created_timestamp&quot;:&quot;0&quot;,&quot;copyright&quot;:&quot;&quot;,&quot;focal_length&quot;:&quot;0&quot;,&quot;iso&quot;:&quot;0&quot;,&quot;shutter_speed&quot;:&quot;0&quot;,&quot;title&quot;:&quot;&quot;,&quot;orientation&quot;:&quot;1&quot;}\" data-image-title=\"Bertling head office new\" data-image-description=\"\" data-image-caption=\"\" data-large-file=\"https:\/\/i0.wp.com\/projectcargoglobal.com\/wp-content\/uploads\/2026\/04\/Bertling-head-office-new-.jpeg?fit=640%2C356&amp;ssl=1\" \/><\/a>\n<h4 class=\"pt-cv-title\"><a href=\"https:\/\/projectcargoglobal.com\/?p=22949\" class=\"_self\" target=\"_self\" >New Bertling Head Office takes shape<\/a><\/h4><\/div><\/div>\n<div class=\"col-md-2 col-sm-3 col-xs-12 pt-cv-content-item pt-cv-1-col\" ><div class='pt-cv-ifield'><a href=\"https:\/\/projectcargoglobal.com\/?p=22945\" class=\"_self pt-cv-href-thumbnail pt-cv-thumb-default\" target=\"_self\" ><img loading=\"lazy\" decoding=\"async\" width=\"130\" height=\"90\" src=\"https:\/\/i0.wp.com\/projectcargoglobal.com\/wp-content\/uploads\/2026\/04\/Modern-Shipping-Agencies-CIS-.jpeg?resize=130%2C90&amp;ssl=1\" class=\"pt-cv-thumbnail\" alt=\"\" srcset=\"https:\/\/i0.wp.com\/projectcargoglobal.com\/wp-content\/uploads\/2026\/04\/Modern-Shipping-Agencies-CIS-.jpeg?resize=392%2C272&amp;ssl=1 392w, https:\/\/i0.wp.com\/projectcargoglobal.com\/wp-content\/uploads\/2026\/04\/Modern-Shipping-Agencies-CIS-.jpeg?resize=130%2C90&amp;ssl=1 130w, https:\/\/i0.wp.com\/projectcargoglobal.com\/wp-content\/uploads\/2026\/04\/Modern-Shipping-Agencies-CIS-.jpeg?zoom=2&amp;resize=130%2C90&amp;ssl=1 260w\" sizes=\"auto, (max-width: 130px) 100vw, 130px\" data-attachment-id=\"22946\" data-permalink=\"https:\/\/projectcargoglobal.com\/?attachment_id=22946\" data-orig-file=\"https:\/\/i0.wp.com\/projectcargoglobal.com\/wp-content\/uploads\/2026\/04\/Modern-Shipping-Agencies-CIS-.jpeg?fit=640%2C356&amp;ssl=1\" data-orig-size=\"640,356\" data-comments-opened=\"0\" data-image-meta=\"{&quot;aperture&quot;:&quot;0&quot;,&quot;credit&quot;:&quot;&quot;,&quot;camera&quot;:&quot;&quot;,&quot;caption&quot;:&quot;&quot;,&quot;created_timestamp&quot;:&quot;0&quot;,&quot;copyright&quot;:&quot;&quot;,&quot;focal_length&quot;:&quot;0&quot;,&quot;iso&quot;:&quot;0&quot;,&quot;shutter_speed&quot;:&quot;0&quot;,&quot;title&quot;:&quot;&quot;,&quot;orientation&quot;:&quot;1&quot;}\" data-image-title=\"Modern Shipping Agencies CIS\" data-image-description=\"\" data-image-caption=\"\" data-large-file=\"https:\/\/i0.wp.com\/projectcargoglobal.com\/wp-content\/uploads\/2026\/04\/Modern-Shipping-Agencies-CIS-.jpeg?fit=640%2C356&amp;ssl=1\" \/><\/a>\n<h4 class=\"pt-cv-title\"><a href=\"https:\/\/projectcargoglobal.com\/?p=22945\" class=\"_self\" target=\"_self\" >Modern Shipping Agencies establishes CIS transit solution<\/a><\/h4><\/div><\/div>\n<div class=\"col-md-4 col-sm-3 col-xs-12 pt-cv-content-item pt-cv-1-col\" ><div class='pt-cv-ifield'><a href=\"https:\/\/projectcargoglobal.com\/?p=22942\" class=\"_self pt-cv-href-thumbnail pt-cv-thumb-default\" target=\"_self\" ><img loading=\"lazy\" decoding=\"async\" width=\"130\" height=\"90\" src=\"https:\/\/i0.wp.com\/projectcargoglobal.com\/wp-content\/uploads\/2026\/04\/TIISCHEUERLE-German-wind-farm-project-.jpeg?resize=130%2C90&amp;ssl=1\" class=\"pt-cv-thumbnail\" alt=\"\" srcset=\"https:\/\/i0.wp.com\/projectcargoglobal.com\/wp-content\/uploads\/2026\/04\/TIISCHEUERLE-German-wind-farm-project-.jpeg?resize=392%2C272&amp;ssl=1 392w, https:\/\/i0.wp.com\/projectcargoglobal.com\/wp-content\/uploads\/2026\/04\/TIISCHEUERLE-German-wind-farm-project-.jpeg?resize=130%2C90&amp;ssl=1 130w, https:\/\/i0.wp.com\/projectcargoglobal.com\/wp-content\/uploads\/2026\/04\/TIISCHEUERLE-German-wind-farm-project-.jpeg?zoom=2&amp;resize=130%2C90&amp;ssl=1 260w\" sizes=\"auto, (max-width: 130px) 100vw, 130px\" data-attachment-id=\"22943\" data-permalink=\"https:\/\/projectcargoglobal.com\/?attachment_id=22943\" data-orig-file=\"https:\/\/i0.wp.com\/projectcargoglobal.com\/wp-content\/uploads\/2026\/04\/TIISCHEUERLE-German-wind-farm-project-.jpeg?fit=640%2C356&amp;ssl=1\" data-orig-size=\"640,356\" data-comments-opened=\"0\" data-image-meta=\"{&quot;aperture&quot;:&quot;0&quot;,&quot;credit&quot;:&quot;&quot;,&quot;camera&quot;:&quot;&quot;,&quot;caption&quot;:&quot;&quot;,&quot;created_timestamp&quot;:&quot;0&quot;,&quot;copyright&quot;:&quot;&quot;,&quot;focal_length&quot;:&quot;0&quot;,&quot;iso&quot;:&quot;0&quot;,&quot;shutter_speed&quot;:&quot;0&quot;,&quot;title&quot;:&quot;&quot;,&quot;orientation&quot;:&quot;1&quot;}\" data-image-title=\"TIISCHEUERLE German wind farm project\" data-image-description=\"\" data-image-caption=\"\" data-large-file=\"https:\/\/i0.wp.com\/projectcargoglobal.com\/wp-content\/uploads\/2026\/04\/TIISCHEUERLE-German-wind-farm-project-.jpeg?fit=640%2C356&amp;ssl=1\" \/><\/a>\n<h4 class=\"pt-cv-title\"><a href=\"https:\/\/projectcargoglobal.com\/?p=22942\" class=\"_self\" target=\"_self\" >Wind farm project utilises SCHEUERLE BladeLifter systems<\/a><\/h4><\/div><\/div>\n<div class=\"col-md-2 col-sm-3 col-xs-12 pt-cv-content-item pt-cv-1-col\" ><div class='pt-cv-ifield'><a href=\"https:\/\/projectcargoglobal.com\/?p=22939\" class=\"_self pt-cv-href-thumbnail pt-cv-thumb-default\" target=\"_self\" ><img loading=\"lazy\" decoding=\"async\" width=\"130\" height=\"90\" src=\"https:\/\/i0.wp.com\/projectcargoglobal.com\/wp-content\/uploads\/2026\/04\/DEME-celebrates-milestone-2026.jpeg?resize=130%2C90&amp;ssl=1\" class=\"pt-cv-thumbnail\" alt=\"\" srcset=\"https:\/\/i0.wp.com\/projectcargoglobal.com\/wp-content\/uploads\/2026\/04\/DEME-celebrates-milestone-2026.jpeg?resize=392%2C272&amp;ssl=1 392w, https:\/\/i0.wp.com\/projectcargoglobal.com\/wp-content\/uploads\/2026\/04\/DEME-celebrates-milestone-2026.jpeg?resize=130%2C90&amp;ssl=1 130w, https:\/\/i0.wp.com\/projectcargoglobal.com\/wp-content\/uploads\/2026\/04\/DEME-celebrates-milestone-2026.jpeg?zoom=2&amp;resize=130%2C90&amp;ssl=1 260w\" sizes=\"auto, (max-width: 130px) 100vw, 130px\" data-attachment-id=\"22940\" data-permalink=\"https:\/\/projectcargoglobal.com\/?attachment_id=22940\" data-orig-file=\"https:\/\/i0.wp.com\/projectcargoglobal.com\/wp-content\/uploads\/2026\/04\/DEME-celebrates-milestone-2026.jpeg?fit=640%2C356&amp;ssl=1\" data-orig-size=\"640,356\" data-comments-opened=\"0\" data-image-meta=\"{&quot;aperture&quot;:&quot;0&quot;,&quot;credit&quot;:&quot;&quot;,&quot;camera&quot;:&quot;&quot;,&quot;caption&quot;:&quot;&quot;,&quot;created_timestamp&quot;:&quot;0&quot;,&quot;copyright&quot;:&quot;&quot;,&quot;focal_length&quot;:&quot;0&quot;,&quot;iso&quot;:&quot;0&quot;,&quot;shutter_speed&quot;:&quot;0&quot;,&quot;title&quot;:&quot;&quot;,&quot;orientation&quot;:&quot;1&quot;}\" data-image-title=\"DEME celebrates milestone 2026\" data-image-description=\"\" data-image-caption=\"\" data-large-file=\"https:\/\/i0.wp.com\/projectcargoglobal.com\/wp-content\/uploads\/2026\/04\/DEME-celebrates-milestone-2026.jpeg?fit=640%2C356&amp;ssl=1\" \/><\/a>\n<h4 class=\"pt-cv-title\"><a href=\"https:\/\/projectcargoglobal.com\/?p=22939\" class=\"_self\" target=\"_self\" >DEME celebrates milestone anniversary<\/a><\/h4><\/div><\/div>\n<div class=\"col-md-2 col-sm-3 col-xs-12 pt-cv-content-item pt-cv-1-col\" ><div class='pt-cv-ifield'><a href=\"https:\/\/projectcargoglobal.com\/?p=22936\" class=\"_self pt-cv-href-thumbnail pt-cv-thumb-default\" target=\"_self\" ><img loading=\"lazy\" decoding=\"async\" width=\"130\" height=\"90\" src=\"https:\/\/i0.wp.com\/projectcargoglobal.com\/wp-content\/uploads\/2026\/04\/PCN-Logistix-.jpeg?resize=130%2C90&amp;ssl=1\" class=\"pt-cv-thumbnail\" alt=\"\" srcset=\"https:\/\/i0.wp.com\/projectcargoglobal.com\/wp-content\/uploads\/2026\/04\/PCN-Logistix-.jpeg?resize=392%2C272&amp;ssl=1 392w, https:\/\/i0.wp.com\/projectcargoglobal.com\/wp-content\/uploads\/2026\/04\/PCN-Logistix-.jpeg?resize=130%2C90&amp;ssl=1 130w, https:\/\/i0.wp.com\/projectcargoglobal.com\/wp-content\/uploads\/2026\/04\/PCN-Logistix-.jpeg?zoom=2&amp;resize=130%2C90&amp;ssl=1 260w\" sizes=\"auto, (max-width: 130px) 100vw, 130px\" data-attachment-id=\"22937\" data-permalink=\"https:\/\/projectcargoglobal.com\/?attachment_id=22937\" data-orig-file=\"https:\/\/i0.wp.com\/projectcargoglobal.com\/wp-content\/uploads\/2026\/04\/PCN-Logistix-.jpeg?fit=640%2C356&amp;ssl=1\" data-orig-size=\"640,356\" data-comments-opened=\"0\" data-image-meta=\"{&quot;aperture&quot;:&quot;0&quot;,&quot;credit&quot;:&quot;&quot;,&quot;camera&quot;:&quot;&quot;,&quot;caption&quot;:&quot;&quot;,&quot;created_timestamp&quot;:&quot;0&quot;,&quot;copyright&quot;:&quot;&quot;,&quot;focal_length&quot;:&quot;0&quot;,&quot;iso&quot;:&quot;0&quot;,&quot;shutter_speed&quot;:&quot;0&quot;,&quot;title&quot;:&quot;&quot;,&quot;orientation&quot;:&quot;1&quot;}\" data-image-title=\"PCN Logistix\" data-image-description=\"\" data-image-caption=\"\" data-large-file=\"https:\/\/i0.wp.com\/projectcargoglobal.com\/wp-content\/uploads\/2026\/04\/PCN-Logistix-.jpeg?fit=640%2C356&amp;ssl=1\" \/><\/a>\n<h4 class=\"pt-cv-title\"><a href=\"https:\/\/projectcargoglobal.com\/?p=22936\" class=\"_self\" target=\"_self\" >PCN welcomes Logistix Tanzania<\/a><\/h4><\/div><\/div>\n<div class=\"col-md-2 col-sm-3 col-xs-12 pt-cv-content-item pt-cv-1-col\" ><div class='pt-cv-ifield'><a href=\"https:\/\/projectcargoglobal.com\/?p=22917\" class=\"_self pt-cv-href-thumbnail pt-cv-thumb-default\" target=\"_self\" ><img loading=\"lazy\" decoding=\"async\" width=\"130\" height=\"90\" src=\"https:\/\/i0.wp.com\/projectcargoglobal.com\/wp-content\/uploads\/2026\/04\/Sarens-US-Wind-Project.jpeg?resize=130%2C90&amp;ssl=1\" class=\"pt-cv-thumbnail\" alt=\"\" srcset=\"https:\/\/i0.wp.com\/projectcargoglobal.com\/wp-content\/uploads\/2026\/04\/Sarens-US-Wind-Project.jpeg?resize=392%2C272&amp;ssl=1 392w, https:\/\/i0.wp.com\/projectcargoglobal.com\/wp-content\/uploads\/2026\/04\/Sarens-US-Wind-Project.jpeg?resize=130%2C90&amp;ssl=1 130w, https:\/\/i0.wp.com\/projectcargoglobal.com\/wp-content\/uploads\/2026\/04\/Sarens-US-Wind-Project.jpeg?zoom=2&amp;resize=130%2C90&amp;ssl=1 260w\" sizes=\"auto, (max-width: 130px) 100vw, 130px\" data-attachment-id=\"22918\" data-permalink=\"https:\/\/projectcargoglobal.com\/?attachment_id=22918\" data-orig-file=\"https:\/\/i0.wp.com\/projectcargoglobal.com\/wp-content\/uploads\/2026\/04\/Sarens-US-Wind-Project.jpeg?fit=640%2C356&amp;ssl=1\" data-orig-size=\"640,356\" data-comments-opened=\"0\" data-image-meta=\"{&quot;aperture&quot;:&quot;1.7&quot;,&quot;credit&quot;:&quot;&quot;,&quot;camera&quot;:&quot;Galaxy S24 Ultra&quot;,&quot;caption&quot;:&quot;&quot;,&quot;created_timestamp&quot;:&quot;1729102887&quot;,&quot;copyright&quot;:&quot;&quot;,&quot;focal_length&quot;:&quot;6.3&quot;,&quot;iso&quot;:&quot;160&quot;,&quot;shutter_speed&quot;:&quot;0.0083333333333333&quot;,&quot;title&quot;:&quot;&quot;,&quot;orientation&quot;:&quot;1&quot;}\" data-image-title=\"Sarens US Wind Project\" data-image-description=\"\" data-image-caption=\"\" data-large-file=\"https:\/\/i0.wp.com\/projectcargoglobal.com\/wp-content\/uploads\/2026\/04\/Sarens-US-Wind-Project.jpeg?fit=640%2C356&amp;ssl=1\" \/><\/a>\n<h4 class=\"pt-cv-title\"><a href=\"https:\/\/projectcargoglobal.com\/?p=22917\" class=\"_self\" target=\"_self\" >Sarens drives US wind projects to the final stage<\/a><\/h4><\/div><\/div>\n<div class=\"col-md-2 col-sm-3 col-xs-12 pt-cv-content-item pt-cv-1-col\" ><div class='pt-cv-ifield'><a href=\"https:\/\/projectcargoglobal.com\/?p=22927\" class=\"_self pt-cv-href-thumbnail pt-cv-thumb-default\" target=\"_self\" ><img loading=\"lazy\" decoding=\"async\" width=\"130\" height=\"90\" src=\"https:\/\/i0.wp.com\/projectcargoglobal.com\/wp-content\/uploads\/2026\/04\/DEME-King-.jpeg?resize=130%2C90&amp;ssl=1\" class=\"pt-cv-thumbnail\" alt=\"\" srcset=\"https:\/\/i0.wp.com\/projectcargoglobal.com\/wp-content\/uploads\/2026\/04\/DEME-King-.jpeg?resize=392%2C272&amp;ssl=1 392w, https:\/\/i0.wp.com\/projectcargoglobal.com\/wp-content\/uploads\/2026\/04\/DEME-King-.jpeg?resize=130%2C90&amp;ssl=1 130w, https:\/\/i0.wp.com\/projectcargoglobal.com\/wp-content\/uploads\/2026\/04\/DEME-King-.jpeg?zoom=2&amp;resize=130%2C90&amp;ssl=1 260w\" sizes=\"auto, (max-width: 130px) 100vw, 130px\" data-attachment-id=\"22930\" data-permalink=\"https:\/\/projectcargoglobal.com\/?attachment_id=22930\" data-orig-file=\"https:\/\/i0.wp.com\/projectcargoglobal.com\/wp-content\/uploads\/2026\/04\/DEME-King-.jpeg?fit=640%2C356&amp;ssl=1\" data-orig-size=\"640,356\" data-comments-opened=\"0\" data-image-meta=\"{&quot;aperture&quot;:&quot;0&quot;,&quot;credit&quot;:&quot;&quot;,&quot;camera&quot;:&quot;&quot;,&quot;caption&quot;:&quot;&quot;,&quot;created_timestamp&quot;:&quot;0&quot;,&quot;copyright&quot;:&quot;&quot;,&quot;focal_length&quot;:&quot;0&quot;,&quot;iso&quot;:&quot;0&quot;,&quot;shutter_speed&quot;:&quot;0&quot;,&quot;title&quot;:&quot;&quot;,&quot;orientation&quot;:&quot;1&quot;}\" data-image-title=\"DEME King\" data-image-description=\"\" data-image-caption=\"\" data-large-file=\"https:\/\/i0.wp.com\/projectcargoglobal.com\/wp-content\/uploads\/2026\/04\/DEME-King-.jpeg?fit=640%2C356&amp;ssl=1\" \/><\/a>\n<h4 class=\"pt-cv-title\"><a href=\"https:\/\/projectcargoglobal.com\/?p=22927\" class=\"_self\" target=\"_self\" >DEME welcomes His Majesty King Philippe of the Belgians<\/a><\/h4><\/div><\/div>\n<div class=\"col-md-4 col-sm-3 col-xs-12 pt-cv-content-item pt-cv-1-col\" ><div class='pt-cv-ifield'><a href=\"https:\/\/projectcargoglobal.com\/?p=22932\" class=\"_self pt-cv-href-thumbnail pt-cv-thumb-default\" target=\"_self\" ><img loading=\"lazy\" decoding=\"async\" width=\"130\" height=\"90\" src=\"https:\/\/i0.wp.com\/projectcargoglobal.com\/wp-content\/uploads\/2026\/04\/Broekman-tower-operations-.jpeg?resize=130%2C90&amp;ssl=1\" class=\"pt-cv-thumbnail\" alt=\"\" srcset=\"https:\/\/i0.wp.com\/projectcargoglobal.com\/wp-content\/uploads\/2026\/04\/Broekman-tower-operations-.jpeg?resize=392%2C272&amp;ssl=1 392w, https:\/\/i0.wp.com\/projectcargoglobal.com\/wp-content\/uploads\/2026\/04\/Broekman-tower-operations-.jpeg?resize=130%2C90&amp;ssl=1 130w, https:\/\/i0.wp.com\/projectcargoglobal.com\/wp-content\/uploads\/2026\/04\/Broekman-tower-operations-.jpeg?zoom=2&amp;resize=130%2C90&amp;ssl=1 260w\" sizes=\"auto, (max-width: 130px) 100vw, 130px\" data-attachment-id=\"22933\" data-permalink=\"https:\/\/projectcargoglobal.com\/?attachment_id=22933\" data-orig-file=\"https:\/\/i0.wp.com\/projectcargoglobal.com\/wp-content\/uploads\/2026\/04\/Broekman-tower-operations-.jpeg?fit=640%2C356&amp;ssl=1\" data-orig-size=\"640,356\" data-comments-opened=\"0\" data-image-meta=\"{&quot;aperture&quot;:&quot;0&quot;,&quot;credit&quot;:&quot;&quot;,&quot;camera&quot;:&quot;&quot;,&quot;caption&quot;:&quot;&quot;,&quot;created_timestamp&quot;:&quot;0&quot;,&quot;copyright&quot;:&quot;&quot;,&quot;focal_length&quot;:&quot;0&quot;,&quot;iso&quot;:&quot;0&quot;,&quot;shutter_speed&quot;:&quot;0&quot;,&quot;title&quot;:&quot;&quot;,&quot;orientation&quot;:&quot;1&quot;}\" data-image-title=\"Broekman tower operations\" data-image-description=\"\" data-image-caption=\"\" data-large-file=\"https:\/\/i0.wp.com\/projectcargoglobal.com\/wp-content\/uploads\/2026\/04\/Broekman-tower-operations-.jpeg?fit=640%2C356&amp;ssl=1\" \/><\/a>\n<h4 class=\"pt-cv-title\"><a href=\"https:\/\/projectcargoglobal.com\/?p=22932\" class=\"_self\" target=\"_self\" >Broekman coordinates tower operation<\/a><\/h4><\/div><\/div>\n<div class=\"col-md-2 col-sm-3 col-xs-12 pt-cv-content-item pt-cv-1-col\" ><div class='pt-cv-ifield'><a href=\"https:\/\/projectcargoglobal.com\/?p=22920\" class=\"_self pt-cv-href-thumbnail pt-cv-thumb-default\" target=\"_self\" ><img loading=\"lazy\" decoding=\"async\" width=\"130\" height=\"90\" src=\"https:\/\/i0.wp.com\/projectcargoglobal.com\/wp-content\/uploads\/2026\/04\/Hoegh-newbuild-.jpg?resize=130%2C90&amp;ssl=1\" class=\"pt-cv-thumbnail\" alt=\"\" srcset=\"https:\/\/i0.wp.com\/projectcargoglobal.com\/wp-content\/uploads\/2026\/04\/Hoegh-newbuild-.jpg?resize=392%2C272&amp;ssl=1 392w, https:\/\/i0.wp.com\/projectcargoglobal.com\/wp-content\/uploads\/2026\/04\/Hoegh-newbuild-.jpg?resize=130%2C90&amp;ssl=1 130w, https:\/\/i0.wp.com\/projectcargoglobal.com\/wp-content\/uploads\/2026\/04\/Hoegh-newbuild-.jpg?zoom=2&amp;resize=130%2C90&amp;ssl=1 260w\" sizes=\"auto, (max-width: 130px) 100vw, 130px\" data-attachment-id=\"22921\" data-permalink=\"https:\/\/projectcargoglobal.com\/?attachment_id=22921\" data-orig-file=\"https:\/\/i0.wp.com\/projectcargoglobal.com\/wp-content\/uploads\/2026\/04\/Hoegh-newbuild-.jpg?fit=640%2C356&amp;ssl=1\" data-orig-size=\"640,356\" data-comments-opened=\"0\" data-image-meta=\"{&quot;aperture&quot;:&quot;0&quot;,&quot;credit&quot;:&quot;&quot;,&quot;camera&quot;:&quot;&quot;,&quot;caption&quot;:&quot;&quot;,&quot;created_timestamp&quot;:&quot;0&quot;,&quot;copyright&quot;:&quot;&quot;,&quot;focal_length&quot;:&quot;0&quot;,&quot;iso&quot;:&quot;0&quot;,&quot;shutter_speed&quot;:&quot;0&quot;,&quot;title&quot;:&quot;&quot;,&quot;orientation&quot;:&quot;1&quot;}\" data-image-title=\"Hoegh newbuild\" data-image-description=\"\" data-image-caption=\"\" data-large-file=\"https:\/\/i0.wp.com\/projectcargoglobal.com\/wp-content\/uploads\/2026\/04\/Hoegh-newbuild-.jpg?fit=640%2C356&amp;ssl=1\" \/><\/a>\n<h4 class=\"pt-cv-title\"><a href=\"https:\/\/projectcargoglobal.com\/?p=22920\" class=\"_self\" target=\"_self\" >Hoegh welcomes another newbuild to their fleet<\/a><\/h4><\/div><\/div>\n<div class=\"col-md-2 col-sm-3 col-xs-12 pt-cv-content-item pt-cv-1-col\" ><div class='pt-cv-ifield'><a href=\"https:\/\/projectcargoglobal.com\/?p=22923\" class=\"_self pt-cv-href-thumbnail pt-cv-thumb-default\" target=\"_self\" ><img loading=\"lazy\" decoding=\"async\" width=\"130\" height=\"90\" src=\"https:\/\/i0.wp.com\/projectcargoglobal.com\/wp-content\/uploads\/2026\/04\/EZ-Link-Trans-Japan-.jpeg?resize=130%2C90&amp;ssl=1\" class=\"pt-cv-thumbnail\" alt=\"\" srcset=\"https:\/\/i0.wp.com\/projectcargoglobal.com\/wp-content\/uploads\/2026\/04\/EZ-Link-Trans-Japan-.jpeg?resize=392%2C272&amp;ssl=1 392w, https:\/\/i0.wp.com\/projectcargoglobal.com\/wp-content\/uploads\/2026\/04\/EZ-Link-Trans-Japan-.jpeg?resize=130%2C90&amp;ssl=1 130w, https:\/\/i0.wp.com\/projectcargoglobal.com\/wp-content\/uploads\/2026\/04\/EZ-Link-Trans-Japan-.jpeg?zoom=2&amp;resize=130%2C90&amp;ssl=1 260w\" sizes=\"auto, (max-width: 130px) 100vw, 130px\" data-attachment-id=\"22924\" data-permalink=\"https:\/\/projectcargoglobal.com\/?attachment_id=22924\" data-orig-file=\"https:\/\/i0.wp.com\/projectcargoglobal.com\/wp-content\/uploads\/2026\/04\/EZ-Link-Trans-Japan-.jpeg?fit=640%2C356&amp;ssl=1\" data-orig-size=\"640,356\" data-comments-opened=\"0\" data-image-meta=\"{&quot;aperture&quot;:&quot;0&quot;,&quot;credit&quot;:&quot;&quot;,&quot;camera&quot;:&quot;&quot;,&quot;caption&quot;:&quot;&quot;,&quot;created_timestamp&quot;:&quot;0&quot;,&quot;copyright&quot;:&quot;&quot;,&quot;focal_length&quot;:&quot;0&quot;,&quot;iso&quot;:&quot;0&quot;,&quot;shutter_speed&quot;:&quot;0&quot;,&quot;title&quot;:&quot;&quot;,&quot;orientation&quot;:&quot;1&quot;}\" data-image-title=\"EZ Link Trans Japan\" data-image-description=\"\" data-image-caption=\"\" data-large-file=\"https:\/\/i0.wp.com\/projectcargoglobal.com\/wp-content\/uploads\/2026\/04\/EZ-Link-Trans-Japan-.jpeg?fit=640%2C356&amp;ssl=1\" \/><\/a>\n<h4 class=\"pt-cv-title\"><a href=\"https:\/\/projectcargoglobal.com\/?p=22923\" class=\"_self\" target=\"_self\" >EZ Link and Naigal Trans Line handle breakbulk shipment<\/a><\/h4><\/div><\/div>\n<div class=\"col-md-2 col-sm-3 col-xs-12 pt-cv-content-item pt-cv-1-col\" ><div class='pt-cv-ifield'><a href=\"https:\/\/projectcargoglobal.com\/?p=22914\" class=\"_self pt-cv-href-thumbnail pt-cv-thumb-default\" target=\"_self\" ><img loading=\"lazy\" decoding=\"async\" width=\"130\" height=\"90\" src=\"https:\/\/i0.wp.com\/projectcargoglobal.com\/wp-content\/uploads\/2026\/04\/Kalmar-Port-of-Tauranga-.jpeg?resize=130%2C90&amp;ssl=1\" class=\"pt-cv-thumbnail\" alt=\"\" srcset=\"https:\/\/i0.wp.com\/projectcargoglobal.com\/wp-content\/uploads\/2026\/04\/Kalmar-Port-of-Tauranga-.jpeg?resize=392%2C272&amp;ssl=1 392w, https:\/\/i0.wp.com\/projectcargoglobal.com\/wp-content\/uploads\/2026\/04\/Kalmar-Port-of-Tauranga-.jpeg?resize=130%2C90&amp;ssl=1 130w, https:\/\/i0.wp.com\/projectcargoglobal.com\/wp-content\/uploads\/2026\/04\/Kalmar-Port-of-Tauranga-.jpeg?zoom=2&amp;resize=130%2C90&amp;ssl=1 260w\" sizes=\"auto, (max-width: 130px) 100vw, 130px\" data-attachment-id=\"22915\" data-permalink=\"https:\/\/projectcargoglobal.com\/?attachment_id=22915\" data-orig-file=\"https:\/\/i0.wp.com\/projectcargoglobal.com\/wp-content\/uploads\/2026\/04\/Kalmar-Port-of-Tauranga-.jpeg?fit=640%2C356&amp;ssl=1\" data-orig-size=\"640,356\" data-comments-opened=\"0\" data-image-meta=\"{&quot;aperture&quot;:&quot;8&quot;,&quot;credit&quot;:&quot;Chris Parker&quot;,&quot;camera&quot;:&quot;Canon EOS 5DS R&quot;,&quot;caption&quot;:&quot;&quot;,&quot;created_timestamp&quot;:&quot;1562751464&quot;,&quot;copyright&quot;:&quot;Chris Parker Photographer&quot;,&quot;focal_length&quot;:&quot;28&quot;,&quot;iso&quot;:&quot;160&quot;,&quot;shutter_speed&quot;:&quot;0.025&quot;,&quot;title&quot;:&quot;&quot;,&quot;orientation&quot;:&quot;1&quot;}\" data-image-title=\"Kalmar Port of Tauranga\" data-image-description=\"\" data-image-caption=\"\" data-large-file=\"https:\/\/i0.wp.com\/projectcargoglobal.com\/wp-content\/uploads\/2026\/04\/Kalmar-Port-of-Tauranga-.jpeg?fit=640%2C356&amp;ssl=1\" \/><\/a>\n<h4 class=\"pt-cv-title\"><a href=\"https:\/\/projectcargoglobal.com\/?p=22914\" class=\"_self\" target=\"_self\" >Kalmar and the Port of Tauranga continue to drive sustainability<\/a><\/h4><\/div><\/div>\n<div class=\"col-md-2 col-sm-3 col-xs-12 pt-cv-content-item pt-cv-1-col\" ><div class='pt-cv-ifield'><a href=\"https:\/\/projectcargoglobal.com\/?p=22911\" class=\"_self pt-cv-href-thumbnail pt-cv-thumb-default\" target=\"_self\" ><img loading=\"lazy\" decoding=\"async\" width=\"130\" height=\"90\" src=\"https:\/\/i0.wp.com\/projectcargoglobal.com\/wp-content\/uploads\/2026\/04\/CEVA-China-Kazakhstan-.jpg?resize=130%2C90&amp;ssl=1\" class=\"pt-cv-thumbnail\" alt=\"\" srcset=\"https:\/\/i0.wp.com\/projectcargoglobal.com\/wp-content\/uploads\/2026\/04\/CEVA-China-Kazakhstan-.jpg?resize=392%2C272&amp;ssl=1 392w, https:\/\/i0.wp.com\/projectcargoglobal.com\/wp-content\/uploads\/2026\/04\/CEVA-China-Kazakhstan-.jpg?resize=130%2C90&amp;ssl=1 130w, https:\/\/i0.wp.com\/projectcargoglobal.com\/wp-content\/uploads\/2026\/04\/CEVA-China-Kazakhstan-.jpg?zoom=2&amp;resize=130%2C90&amp;ssl=1 260w\" sizes=\"auto, (max-width: 130px) 100vw, 130px\" data-attachment-id=\"22912\" data-permalink=\"https:\/\/projectcargoglobal.com\/?attachment_id=22912\" data-orig-file=\"https:\/\/i0.wp.com\/projectcargoglobal.com\/wp-content\/uploads\/2026\/04\/CEVA-China-Kazakhstan-.jpg?fit=640%2C356&amp;ssl=1\" data-orig-size=\"640,356\" data-comments-opened=\"0\" data-image-meta=\"{&quot;aperture&quot;:&quot;0&quot;,&quot;credit&quot;:&quot;&quot;,&quot;camera&quot;:&quot;&quot;,&quot;caption&quot;:&quot;&quot;,&quot;created_timestamp&quot;:&quot;0&quot;,&quot;copyright&quot;:&quot;&quot;,&quot;focal_length&quot;:&quot;0&quot;,&quot;iso&quot;:&quot;0&quot;,&quot;shutter_speed&quot;:&quot;0&quot;,&quot;title&quot;:&quot;&quot;,&quot;orientation&quot;:&quot;1&quot;}\" data-image-title=\"CEVA China Kazakhstan\" data-image-description=\"\" data-image-caption=\"\" data-large-file=\"https:\/\/i0.wp.com\/projectcargoglobal.com\/wp-content\/uploads\/2026\/04\/CEVA-China-Kazakhstan-.jpg?fit=640%2C356&amp;ssl=1\" \/><\/a>\n<h4 class=\"pt-cv-title\"><a href=\"https:\/\/projectcargoglobal.com\/?p=22911\" class=\"_self\" target=\"_self\" >CEVA completes pilot along China-Kazakhstan corridor<\/a><\/h4><\/div><\/div>\n<div class=\"col-md-4 col-sm-3 col-xs-12 pt-cv-content-item pt-cv-1-col\" ><div class='pt-cv-ifield'><a href=\"https:\/\/projectcargoglobal.com\/?p=22907\" class=\"_self pt-cv-href-thumbnail pt-cv-thumb-default\" target=\"_self\" ><img loading=\"lazy\" decoding=\"async\" width=\"130\" height=\"90\" src=\"https:\/\/i0.wp.com\/projectcargoglobal.com\/wp-content\/uploads\/2026\/04\/ABL-South-Korean-.jpeg?resize=130%2C90&amp;ssl=1\" class=\"pt-cv-thumbnail\" alt=\"\" srcset=\"https:\/\/i0.wp.com\/projectcargoglobal.com\/wp-content\/uploads\/2026\/04\/ABL-South-Korean-.jpeg?resize=392%2C272&amp;ssl=1 392w, https:\/\/i0.wp.com\/projectcargoglobal.com\/wp-content\/uploads\/2026\/04\/ABL-South-Korean-.jpeg?resize=130%2C90&amp;ssl=1 130w, https:\/\/i0.wp.com\/projectcargoglobal.com\/wp-content\/uploads\/2026\/04\/ABL-South-Korean-.jpeg?zoom=2&amp;resize=130%2C90&amp;ssl=1 260w\" sizes=\"auto, (max-width: 130px) 100vw, 130px\" data-attachment-id=\"22908\" data-permalink=\"https:\/\/projectcargoglobal.com\/?attachment_id=22908\" data-orig-file=\"https:\/\/i0.wp.com\/projectcargoglobal.com\/wp-content\/uploads\/2026\/04\/ABL-South-Korean-.jpeg?fit=640%2C356&amp;ssl=1\" data-orig-size=\"640,356\" data-comments-opened=\"0\" data-image-meta=\"{&quot;aperture&quot;:&quot;0&quot;,&quot;credit&quot;:&quot;&quot;,&quot;camera&quot;:&quot;&quot;,&quot;caption&quot;:&quot;&quot;,&quot;created_timestamp&quot;:&quot;0&quot;,&quot;copyright&quot;:&quot;&quot;,&quot;focal_length&quot;:&quot;0&quot;,&quot;iso&quot;:&quot;0&quot;,&quot;shutter_speed&quot;:&quot;0&quot;,&quot;title&quot;:&quot;&quot;,&quot;orientation&quot;:&quot;1&quot;}\" data-image-title=\"ABL South Korean\" data-image-description=\"\" data-image-caption=\"\" data-large-file=\"https:\/\/i0.wp.com\/projectcargoglobal.com\/wp-content\/uploads\/2026\/04\/ABL-South-Korean-.jpeg?fit=640%2C356&amp;ssl=1\" \/><\/a>\n<h4 class=\"pt-cv-title\"><a href=\"https:\/\/projectcargoglobal.com\/?p=22907\" class=\"_self\" target=\"_self\" >ABL appointed to South Korean offshore wind project<\/a><\/h4><\/div><\/div><\/div><\/div><\/div><\/p>\n","protected":false},"excerpt":{"rendered":"<p>The Worldwide Project Consortium (WWPC) is pleased to announce its 23rd Membership Conference, taking place in Milan, Italy, October 5\u20138,<\/p>\n","protected":false},"author":9,"featured_media":0,"comment_status":"closed","ping_status":"closed","sticky":false,"template":"","format":"standard","meta":{"colormag_page_container_layout":"default_layout","colormag_page_sidebar_layout":"default_layout","jetpack_post_was_ever_published":false,"_jetpack_newsletter_access":"","_jetpack_dont_email_post_to_subs":false,"_jetpack_newsletter_tier_id":0,"_jetpack_memberships_contains_paywalled_content":false,"_jetpack_memberships_contains_paid_content":false,"footnotes":"","jetpack_publicize_message":"","jetpack_publicize_feature_enabled":true,"jetpack_social_post_already_shared":false,"jetpack_social_options":{"image_generator_settings":{"template":"highway","default_image_id":0,"font":"","enabled":false},"version":2}},"categories":[4],"tags":[1419],"class_list":["post-20568","post","type-post","status-publish","format-standard","hentry","category-latest-news","tag-wwpc"],"jetpack_publicize_connections":[],"jetpack_featured_media_url":"","jetpack_sharing_enabled":true,"jetpack_shortlink":"https:\/\/wp.me\/paPyrk-5lK","jetpack-related-posts":[{"id":21602,"url":"https:\/\/projectcargoglobal.com\/?p=21602","url_meta":{"origin":20568,"position":0},"title":"WWPC shows support for disadvantaged children","author":"Project Cargo Global","date":"October 20, 2025","format":false,"excerpt":"Each year, when representatives from member companies of the Worldwide Project Consortium (WWPC) gather for their annual conference, the event focuses on networking and exploring new business opportunities. Same time social consciousness of the group is manifested through an auction in support for disadvantaged children. In 2011, WWPC launched a\u2026","rel":"","context":"In &quot;Latest News&quot;","block_context":{"text":"Latest News","link":"https:\/\/projectcargoglobal.com\/?cat=4"},"img":{"alt_text":"","src":"https:\/\/i0.wp.com\/projectcargoglobal.com\/wp-content\/uploads\/2025\/10\/WWPC-local-charities-.jpeg?fit=640%2C356&ssl=1&resize=350%2C200","width":350,"height":200,"srcset":"https:\/\/i0.wp.com\/projectcargoglobal.com\/wp-content\/uploads\/2025\/10\/WWPC-local-charities-.jpeg?fit=640%2C356&ssl=1&resize=350%2C200 1x, https:\/\/i0.wp.com\/projectcargoglobal.com\/wp-content\/uploads\/2025\/10\/WWPC-local-charities-.jpeg?fit=640%2C356&ssl=1&resize=525%2C300 1.5x"},"classes":[]},{"id":21221,"url":"https:\/\/projectcargoglobal.com\/?p=21221","url_meta":{"origin":20568,"position":1},"title":"WWPC appoints Mas Global Express","author":"Project Cargo Global","date":"September 15, 2025","format":false,"excerpt":"The Worldwide Project Consortium (WWPC) is pleased to announce the appointment of Mas Global Express and Logistics, headquartered in Lagos, as its exclusive member for Nigeria, effective immediately. \u201cWe would like to thank Dr. Timothy Awogbemi FNIM FCioD from the management for his instrumental role in facilitating this new partnership,\u201d\u2026","rel":"","context":"In &quot;Latest News&quot;","block_context":{"text":"Latest News","link":"https:\/\/projectcargoglobal.com\/?cat=4"},"img":{"alt_text":"","src":"https:\/\/i0.wp.com\/projectcargoglobal.com\/wp-content\/uploads\/2025\/09\/Mas-WWPC-.jpeg?fit=640%2C356&ssl=1&resize=350%2C200","width":350,"height":200,"srcset":"https:\/\/i0.wp.com\/projectcargoglobal.com\/wp-content\/uploads\/2025\/09\/Mas-WWPC-.jpeg?fit=640%2C356&ssl=1&resize=350%2C200 1x, https:\/\/i0.wp.com\/projectcargoglobal.com\/wp-content\/uploads\/2025\/09\/Mas-WWPC-.jpeg?fit=640%2C356&ssl=1&resize=525%2C300 1.5x"},"classes":[]},{"id":21383,"url":"https:\/\/projectcargoglobal.com\/?p=21383","url_meta":{"origin":20568,"position":2},"title":"WWPC appoints Perez y Cia for Morocco","author":"Project Cargo Global","date":"September 29, 2025","format":false,"excerpt":"Headquartered in Tangier, Morocco, Perez Y Cia, Maroc, Sarl-AU has been appointed to Worldwide Project Consortium (WWPC) as the exclusive country member for Morocco with immediate effect. Perez Y Cia specializes in handling complex, oversized, and high-value project cargo, under the leadership of ouael.ahmadi@perezycia.com and ali.elhsissen@perezycia.com. Their project cargo services\u2026","rel":"","context":"In &quot;Latest News&quot;","block_context":{"text":"Latest News","link":"https:\/\/projectcargoglobal.com\/?cat=4"},"img":{"alt_text":"","src":"https:\/\/i0.wp.com\/projectcargoglobal.com\/wp-content\/uploads\/2025\/09\/Perez-Y-Cia-WWPC.jpeg?fit=640%2C356&ssl=1&resize=350%2C200","width":350,"height":200,"srcset":"https:\/\/i0.wp.com\/projectcargoglobal.com\/wp-content\/uploads\/2025\/09\/Perez-Y-Cia-WWPC.jpeg?fit=640%2C356&ssl=1&resize=350%2C200 1x, https:\/\/i0.wp.com\/projectcargoglobal.com\/wp-content\/uploads\/2025\/09\/Perez-Y-Cia-WWPC.jpeg?fit=640%2C356&ssl=1&resize=525%2C300 1.5x"},"classes":[]},{"id":21944,"url":"https:\/\/projectcargoglobal.com\/?p=21944","url_meta":{"origin":20568,"position":3},"title":"WWPC appoints Perez y Cia Peru","author":"Project Cargo Global","date":"December 1, 2025","format":false,"excerpt":"Worldwide Project Consortium (WWPC) is pleased to announce the appointment of P\u00e9rez y C\u00eda Per\u00fa, headquartered in Lima, for Peru as exclusive country member effective immediately. P\u00e9rez y C\u00eda Per\u00fa specializes in maritime and cargo logistics. Its services include port agency, husbanding, liner and non-liner representations, freight forwarding, isotanks, and\u2026","rel":"","context":"In &quot;Latest News&quot;","block_context":{"text":"Latest News","link":"https:\/\/projectcargoglobal.com\/?cat=4"},"img":{"alt_text":"","src":"https:\/\/i0.wp.com\/projectcargoglobal.com\/wp-content\/uploads\/2025\/09\/Perez-Y-Cia-WWPC.jpeg?fit=640%2C356&ssl=1&resize=350%2C200","width":350,"height":200,"srcset":"https:\/\/i0.wp.com\/projectcargoglobal.com\/wp-content\/uploads\/2025\/09\/Perez-Y-Cia-WWPC.jpeg?fit=640%2C356&ssl=1&resize=350%2C200 1x, https:\/\/i0.wp.com\/projectcargoglobal.com\/wp-content\/uploads\/2025\/09\/Perez-Y-Cia-WWPC.jpeg?fit=640%2C356&ssl=1&resize=525%2C300 1.5x"},"classes":[]},{"id":22867,"url":"https:\/\/projectcargoglobal.com\/?p=22867","url_meta":{"origin":20568,"position":4},"title":"FreightWorks NZ joins the WWPC","author":"Project Cargo Global","date":"April 14, 2026","format":false,"excerpt":"FreightWorks New Zealand has been appointed as the exclusive WWPC country member for New Zealand, marking a significant milestone in the company\u2019s continued growth within the global project logistics sector. Founded in 2018, FreightWorks has rapidly expanded with offices in Auckland, Hamilton, and Christchurch, providing nationwide coverage. Backed by 20+\u2026","rel":"","context":"In &quot;Latest News&quot;","block_context":{"text":"Latest News","link":"https:\/\/projectcargoglobal.com\/?cat=4"},"img":{"alt_text":"","src":"https:\/\/i0.wp.com\/projectcargoglobal.com\/wp-content\/uploads\/2026\/04\/FreightWorks-WWPC-.jpeg?fit=640%2C356&ssl=1&resize=350%2C200","width":350,"height":200,"srcset":"https:\/\/i0.wp.com\/projectcargoglobal.com\/wp-content\/uploads\/2026\/04\/FreightWorks-WWPC-.jpeg?fit=640%2C356&ssl=1&resize=350%2C200 1x, https:\/\/i0.wp.com\/projectcargoglobal.com\/wp-content\/uploads\/2026\/04\/FreightWorks-WWPC-.jpeg?fit=640%2C356&ssl=1&resize=525%2C300 1.5x"},"classes":[]},{"id":22486,"url":"https:\/\/projectcargoglobal.com\/?p=22486","url_meta":{"origin":20568,"position":5},"title":"Ambercor executes transport of three tanks","author":"Project Cargo Global","date":"February 10, 2026","format":false,"excerpt":"Ambercor Shipping USA, member to the Worldwide Project Consortium (WWPC) in conjunction with fellow WWPC Partner in T\u00fcrkiye, Origin FGL Lojistik, successfully executed the transport of 3 tanks (two tanks: 40 x 4 x 4.3 meter and 90 tons each and one tank of 20 x 4.2 x 4.3 meter\u2026","rel":"","context":"In &quot;Latest News&quot;","block_context":{"text":"Latest News","link":"https:\/\/projectcargoglobal.com\/?cat=4"},"img":{"alt_text":"","src":"https:\/\/i0.wp.com\/projectcargoglobal.com\/wp-content\/uploads\/2026\/02\/Ambercor-three-tanks-.jpeg?fit=640%2C356&ssl=1&resize=350%2C200","width":350,"height":200,"srcset":"https:\/\/i0.wp.com\/projectcargoglobal.com\/wp-content\/uploads\/2026\/02\/Ambercor-three-tanks-.jpeg?fit=640%2C356&ssl=1&resize=350%2C200 1x, https:\/\/i0.wp.com\/projectcargoglobal.com\/wp-content\/uploads\/2026\/02\/Ambercor-three-tanks-.jpeg?fit=640%2C356&ssl=1&resize=525%2C300 1.5x"},"classes":[]}],"_links":{"self":[{"href":"https:\/\/projectcargoglobal.com\/index.php?rest_route=\/wp\/v2\/posts\/20568","targetHints":{"allow":["GET"]}}],"collection":[{"href":"https:\/\/projectcargoglobal.com\/index.php?rest_route=\/wp\/v2\/posts"}],"about":[{"href":"https:\/\/projectcargoglobal.com\/index.php?rest_route=\/wp\/v2\/types\/post"}],"author":[{"embeddable":true,"href":"https:\/\/projectcargoglobal.com\/index.php?rest_route=\/wp\/v2\/users\/9"}],"replies":[{"embeddable":true,"href":"https:\/\/projectcargoglobal.com\/index.php?rest_route=%2Fwp%2Fv2%2Fcomments&post=20568"}],"version-history":[{"count":1,"href":"https:\/\/projectcargoglobal.com\/index.php?rest_route=\/wp\/v2\/posts\/20568\/revisions"}],"predecessor-version":[{"id":20570,"href":"https:\/\/projectcargoglobal.com\/index.php?rest_route=\/wp\/v2\/posts\/20568\/revisions\/20570"}],"wp:attachment":[{"href":"https:\/\/projectcargoglobal.com\/index.php?rest_route=%2Fwp%2Fv2%2Fmedia&parent=20568"}],"wp:term":[{"taxonomy":"category","embeddable":true,"href":"https:\/\/projectcargoglobal.com\/index.php?rest_route=%2Fwp%2Fv2%2Fcategories&post=20568"},{"taxonomy":"post_tag","embeddable":true,"href":"https:\/\/projectcargoglobal.com\/index.php?rest_route=%2Fwp%2Fv2%2Ftags&post=20568"}],"curies":[{"name":"wp","href":"https:\/\/api.w.org\/{rel}","templated":true}]}}